{"id":12644,"date":"2025-08-05T04:54:26","date_gmt":"2025-08-05T09:54:26","guid":{"rendered":"https:\/\/www.labrador-transparency.com\/?p=12644"},"modified":"2026-03-18T14:37:50","modified_gmt":"2026-03-18T13:37:50","slug":"directive-europeenne-accessibilite-preparer-maintenant","status":"publish","type":"post","link":"https:\/\/www.labrador-transparency.com\/fr\/blog\/directive-europeenne-accessibilite-preparer-maintenant\/","title":{"rendered":"Nouvelle directive europ\u00e9enne sur l\u2019accessibilit\u00e9 : ce que les entreprises doivent pr\u00e9parer d\u00e8s maintenant"},"content":{"rendered":"\t\t<div data-elementor-type=\"wp-post\" data-elementor-id=\"12644\" class=\"elementor elementor-12644\" data-elementor-post-type=\"post\">\n\t\t\t\t<div class=\"elementor-element elementor-element-4e343837 e-flex e-con-boxed e-con e-parent\" data-id=\"4e343837\" data-element_type=\"container\" data-e-type=\"container\">\n\t\t\t\t\t<div class=\"e-con-inner\">\n\t\t<div class=\"elementor-element elementor-element-6102d56 e-con-full e-flex e-con e-child\" data-id=\"6102d56\" data-element_type=\"container\" data-e-type=\"container\">\n\t\t\t\t<div class=\"elementor-element elementor-element-37e32a7 elementor-widget elementor-widget-heading\" data-id=\"37e32a7\" data-element_type=\"widget\" data-e-type=\"widget\" data-widget_type=\"heading.default\">\n\t\t\t\t\t<h2 class=\"elementor-heading-title elementor-size-default\">Une exigence renforc\u00e9e qui ne concerne plus que le web \n\n<\/h2>\t\t\t\t<\/div>\n\t\t\t\t<\/div>\n\t\t<div class=\"elementor-element elementor-element-78f61d4 e-con-full e-flex e-con e-child\" data-id=\"78f61d4\" data-element_type=\"container\" data-e-type=\"container\">\n\t\t\t\t<div class=\"elementor-element elementor-element-b08c49a elementor-widget elementor-widget-spacer\" data-id=\"b08c49a\" data-element_type=\"widget\" data-e-type=\"widget\" data-widget_type=\"spacer.default\">\n\t\t\t\t\t\t\t<div class=\"elementor-spacer\">\n\t\t\t<div class=\"elementor-spacer-inner\"><\/div>\n\t\t<\/div>\n\t\t\t\t\t\t<\/div>\n\t\t\t\t<div class=\"elementor-element elementor-element-3c0942c7 elementor-widget elementor-widget-text-editor\" data-id=\"3c0942c7\" data-element_type=\"widget\" data-e-type=\"widget\" data-widget_type=\"text-editor.default\">\n\t\t\t\t\t\t\t\t\t<p>Le 28 juin 2025 marque l\u2019entr\u00e9e en vigueur d\u2019<strong>une<\/strong> <strong>nouvelle directive europ\u00e9enne sur l\u2019accessibilit\u00e9<\/strong>, \u00e9tendant les obligations au-del\u00e0 du p\u00e9rim\u00e8tre du web. Pour les entreprises, cette \u00e9volution n\u2019est ni un simple ajustement r\u00e9glementaire, ni un sujet exclusivement technique\u202f: <strong>elle modifie en profondeur les exigences de mise \u00e0 disposition de l\u2019information, quel que soit son format<\/strong>.\u00a0<\/p><p>\u00c0 travers cette directive, l\u2019Union europ\u00e9enne entend garantir \u00e0 toutes les personnes en situation de handicap <strong>un acc\u00e8s complet aux services et contenus num\u00e9riques<\/strong>. Pour la premi\u00e8re fois, cela inclut aussi les documents PDF, les applications mobiles, les bornes interactives, et les supports d\u2019information \u00e9lectroniques ou num\u00e9riques propos\u00e9s aux clients et usagers.\u00a0<\/p>\t\t\t\t\t\t\t\t<\/div>\n\t\t\t\t<div class=\"elementor-element elementor-element-868bb40 elementor-widget elementor-widget-spacer\" data-id=\"868bb40\" data-element_type=\"widget\" data-e-type=\"widget\" data-widget_type=\"spacer.default\">\n\t\t\t\t\t\t\t<div class=\"elementor-spacer\">\n\t\t\t<div class=\"elementor-spacer-inner\"><\/div>\n\t\t<\/div>\n\t\t\t\t\t\t<\/div>\n\t\t\t\t<div class=\"elementor-element elementor-element-ed0aa43 elementor-widget elementor-widget-heading\" data-id=\"ed0aa43\" data-element_type=\"widget\" data-e-type=\"widget\" data-widget_type=\"heading.default\">\n\t\t\t\t\t<h2 class=\"elementor-heading-title elementor-size-default\">Des documents PDF non accessibles : un cas courant aux cons\u00e9quences concr\u00e8tes <\/h2>\t\t\t\t<\/div>\n\t\t\t\t<div class=\"elementor-element elementor-element-0bc506b elementor-widget elementor-widget-spacer\" data-id=\"0bc506b\" data-element_type=\"widget\" data-e-type=\"widget\" data-widget_type=\"spacer.default\">\n\t\t\t\t\t\t\t<div class=\"elementor-spacer\">\n\t\t\t<div class=\"elementor-spacer-inner\"><\/div>\n\t\t<\/div>\n\t\t\t\t\t\t<\/div>\n\t\t<div class=\"elementor-element elementor-element-2ee1329 e-con-full e-flex e-con e-child\" data-id=\"2ee1329\" data-element_type=\"container\" data-e-type=\"container\">\n\t\t\t\t<div class=\"elementor-element elementor-element-86fd5f0 elementor-widget elementor-widget-text-editor\" data-id=\"86fd5f0\" data-element_type=\"widget\" data-e-type=\"widget\" data-widget_type=\"text-editor.default\">\n\t\t\t\t\t\t\t\t\t<p>Prenons le cas d\u2019un rapport de durabilit\u00e9 propos\u00e9 au t\u00e9l\u00e9chargement sur un site d\u2019entreprise. M\u00eame si le site respecte\u00a0<a href=\"https:\/\/www.w3.org\/WAI\/standards-guidelines\/wcag\/fr\" target=\"_blank\" rel=\"noreferrer noopener\">les normes d\u2019accessibilit\u00e9 web (WCAG)<\/a>,\u00a0<strong>le document lui-m\u00eame peut rester illisible pour une personne utilisant un lecteur d\u2019\u00e9cran<\/strong><strong>\u202f<\/strong>: absence de titres structur\u00e9s, images sans description alternative, texte non s\u00e9lectionnable, tableaux non balis\u00e9s. R\u00e9sultat ? Une information a priori publique reste\u00a0<strong>inaccessible pour une partie du public<\/strong>.\u00a0<\/p><p>Or, ce d\u00e9faut d\u2019accessibilit\u00e9 n\u2019est plus tol\u00e9r\u00e9. Avec la directive du 28 juin, il devient potentiellement\u00a0<strong>source de non-conformit\u00e9, et donc de sanctions<\/strong>. C\u2019est un changement de paradigme\u202f: l\u2019accessibilit\u00e9 d\u00e9passe le cadre de l\u2019interface pour s\u2019\u00e9tendre \u00e0 l\u2019ensemble des\u00a0<strong>formats num\u00e9riques diffus\u00e9s par les entreprises<\/strong>.\u00a0<\/p>\t\t\t\t\t\t\t\t<\/div>\n\t\t\t\t<div class=\"elementor-element elementor-element-8919862 elementor-widget elementor-widget-spacer\" data-id=\"8919862\" data-element_type=\"widget\" data-e-type=\"widget\" data-widget_type=\"spacer.default\">\n\t\t\t\t\t\t\t<div class=\"elementor-spacer\">\n\t\t\t<div class=\"elementor-spacer-inner\"><\/div>\n\t\t<\/div>\n\t\t\t\t\t\t<\/div>\n\t\t\t\t<\/div>\n\t\t\t\t<\/div>\n\t\t<div class=\"elementor-element elementor-element-40a5dec e-con-full e-flex e-con e-child\" data-id=\"40a5dec\" data-element_type=\"container\" data-e-type=\"container\" data-settings=\"{&quot;background_background&quot;:&quot;gradient&quot;}\">\n\t\t\t\t<div class=\"elementor-element elementor-element-a76d3fa elementor-widget elementor-widget-text-editor\" data-id=\"a76d3fa\" data-element_type=\"widget\" data-e-type=\"widget\" data-widget_type=\"text-editor.default\">\n\t\t\t\t\t\t\t\t\t<p><strong>D\u00e9cryptage : qui est concern\u00e9, que dit la directive, et que faut-il adapter ?\u00a0<\/strong><\/p><p>Cette directive s\u2019inscrit dans le cadre plus large de\u00a0<a href=\"https:\/\/www.monparcourshandicap.gouv.fr\/actualite\/accessibilite-numerique-et-handicap-entree-en-vigueur-de-leaa#:~:text=Qu'est%2Dce%20que%20l,march%C3%A9%20de%20l'Union%20europ%C3%A9enne.\" target=\"_blank\" rel=\"noreferrer noopener\">l&rsquo;Acte europ\u00e9en sur l&rsquo;accessibilit\u00e9 de 2019 (European Accessibility Act \u2013 EAA)<\/a>, qui entre d\u00e9sormais dans sa phase d\u2019application obligatoire. Elle impose aux entreprises de\u00a0<b>garantir que leurs services num\u00e9riques et documents associ\u00e9s soient \u00ab\u202fperceptibles, utilisables, compr\u00e9hensibles et robustes\u202f\u00bb\u00a0<\/b>pour tous les utilisateurs, selon les principes des normes WCAG et\u00a0<a href=\"https:\/\/fr.wikipedia.org\/wiki\/EN_301_549#:~:text=EN%20301%20549%20est%20une,plus%20pertinent%2C%20retirez%2Dle.\" target=\"_blank\" rel=\"noreferrer noopener\">des standards europ\u00e9ens EN 301 549<\/a>.<\/p><p><strong>Qui est concern\u00e9 ?\u00a0<\/strong><\/p><p>Les entreprises proposant des services grand public dans les domaines suivants : services bancaires, e-commerce, transport, t\u00e9l\u00e9communications, audiovisuel, livres num\u00e9riques, entre autres. Sont notamment vis\u00e9es les grandes entreprises, mais aussi les PME d\u00e8s lors qu\u2019elles publient ou diffusent des supports num\u00e9riques \u00e0 destination du public.\u00a0<\/p><p><strong>Quels sont les formats concern\u00e9s ?\u00a0<\/strong><\/p><ul><li style=\"list-style-type: none;\"><ul><li>Sites internet et intranets<\/li><li>Applications mobiles\u00a0<\/li><li>Documents t\u00e9l\u00e9chargeables (PDF, DOCX, etc.)\u00a0<\/li><li>Bornes interactives (distributeurs de billets, terminaux de commande)\u00a0<\/li><li>Interfaces clients et supports de communication num\u00e9rique.<\/li><\/ul><\/li><\/ul><p>\u00a0<\/p><p>Cette directive d\u00e9passe le cadre des services informatiques ou du web design. Elle implique \u00e9galement les <strong>directions RSE, juridique, communication, RH, marketing<\/strong>, ou encore les <strong>services clients<\/strong>, d\u00e8s lors qu\u2019ils produisent ou diffusent des documents num\u00e9riques.<\/p>\t\t\t\t\t\t\t\t<\/div>\n\t\t\t\t<\/div>\n\t\t<div class=\"elementor-element elementor-element-2735b9f e-con-full e-flex e-con e-child\" data-id=\"2735b9f\" data-element_type=\"container\" data-e-type=\"container\">\n\t\t\t\t<div class=\"elementor-element elementor-element-f41cc68 elementor-widget elementor-widget-spacer\" data-id=\"f41cc68\" data-element_type=\"widget\" data-e-type=\"widget\" data-widget_type=\"spacer.default\">\n\t\t\t\t\t\t\t<div class=\"elementor-spacer\">\n\t\t\t<div class=\"elementor-spacer-inner\"><\/div>\n\t\t<\/div>\n\t\t\t\t\t\t<\/div>\n\t\t\t\t<div class=\"elementor-element elementor-element-d328d41 elementor-widget elementor-widget-heading\" data-id=\"d328d41\" data-element_type=\"widget\" data-e-type=\"widget\" data-widget_type=\"heading.default\">\n\t\t\t\t\t<h2 class=\"elementor-heading-title elementor-size-default\">Notre approche : rendre l\u2019information r\u00e9ellement accessible, pas uniquement conforme<\/h2>\t\t\t\t<\/div>\n\t\t\t\t<\/div>\n\t\t\t\t<div class=\"elementor-element elementor-element-bc998d8 elementor-widget elementor-widget-spacer\" data-id=\"bc998d8\" data-element_type=\"widget\" data-e-type=\"widget\" data-widget_type=\"spacer.default\">\n\t\t\t\t\t\t\t<div class=\"elementor-spacer\">\n\t\t\t<div class=\"elementor-spacer-inner\"><\/div>\n\t\t<\/div>\n\t\t\t\t\t\t<\/div>\n\t\t\t\t<div class=\"elementor-element elementor-element-830d598 elementor-widget elementor-widget-text-editor\" data-id=\"830d598\" data-element_type=\"widget\" data-e-type=\"widget\" data-widget_type=\"text-editor.default\">\n\t\t\t\t\t\t\t\t\t<p>Chez Labrador Transparency, nous accompagnons les entreprises dans la production d\u2019une information claire, structur\u00e9e, et d\u00e9sormais accessible \u00e0 tous.\u00a0\u00a0<\/p><p>Concr\u00e8tement, cela signifie :\u00a0<\/p><ul><li style=\"list-style-type: none;\"><ul><li>Int\u00e9grer des crit\u00e8res d\u2019accessibilit\u00e9 d\u00e8s la conception du document (structure logique, navigation coh\u00e9rente, contrastes lisibles)\u00a0<\/li><\/ul><\/li><\/ul><ul><li style=\"list-style-type: none;\">\u00a0<\/li><\/ul><ul><li style=\"list-style-type: none;\"><ul><li>Respecter les balises s\u00e9mantiques et les alternatives textuelles pour tous les contenus non textuels\u00a0<\/li><\/ul><\/li><\/ul><ul><li style=\"list-style-type: none;\">\u00a0<\/li><\/ul><ul><li style=\"list-style-type: none;\"><ul><li>Utiliser des outils de v\u00e9rification conformes aux normes EN 301 549 et WCAG pour le contr\u00f4le qualit\u00e9\u00a0<\/li><\/ul><\/li><\/ul><ul><li style=\"list-style-type: none;\">\u00a0<\/li><\/ul><ul><li style=\"list-style-type: none;\"><ul><li>Former les \u00e9quipes internes pour maintenir la conformit\u00e9 sur le long terme<\/li><\/ul><\/li><\/ul><p>\u00a0<\/p><p>L\u2019objectif est double\u202f: assurer votre conformit\u00e9 r\u00e9glementaire et permettre \u00e0 tous les publics d\u2019acc\u00e9der \u00e0 l\u2019information de mani\u00e8re fluide et compr\u00e9hensible.\u00a0<\/p>\t\t\t\t\t\t\t\t<\/div>\n\t\t\t\t<div class=\"elementor-element elementor-element-7793e91 elementor-widget elementor-widget-spacer\" data-id=\"7793e91\" data-element_type=\"widget\" data-e-type=\"widget\" data-widget_type=\"spacer.default\">\n\t\t\t\t\t\t\t<div class=\"elementor-spacer\">\n\t\t\t<div class=\"elementor-spacer-inner\"><\/div>\n\t\t<\/div>\n\t\t\t\t\t\t<\/div>\n\t\t<div class=\"elementor-element elementor-element-65ab4a1 e-con-full e-flex e-con e-child\" data-id=\"65ab4a1\" data-element_type=\"container\" data-e-type=\"container\">\n\t\t\t\t<div class=\"elementor-element elementor-element-0b74cb7 elementor-widget elementor-widget-heading\" data-id=\"0b74cb7\" data-element_type=\"widget\" data-e-type=\"widget\" data-widget_type=\"heading.default\">\n\t\t\t\t\t<h2 class=\"elementor-heading-title elementor-size-default\">Une exigence durable, au service d\u2019une communication plus responsable\u00a0<\/h2>\t\t\t\t<\/div>\n\t\t\t\t<div class=\"elementor-element elementor-element-aef8ca6 elementor-widget elementor-widget-spacer\" data-id=\"aef8ca6\" data-element_type=\"widget\" data-e-type=\"widget\" data-widget_type=\"spacer.default\">\n\t\t\t\t\t\t\t<div class=\"elementor-spacer\">\n\t\t\t<div class=\"elementor-spacer-inner\"><\/div>\n\t\t<\/div>\n\t\t\t\t\t\t<\/div>\n\t\t<div class=\"elementor-element elementor-element-6997c78 e-con-full e-flex e-con e-child\" data-id=\"6997c78\" data-element_type=\"container\" data-e-type=\"container\">\n\t\t\t\t<div class=\"elementor-element elementor-element-94a028c elementor-widget elementor-widget-text-editor\" data-id=\"94a028c\" data-element_type=\"widget\" data-e-type=\"widget\" data-widget_type=\"text-editor.default\">\n\t\t\t\t\t\t\t\t\t<p>Cette nouvelle directive constitue une \u00e9tape d\u00e9cisive vers une information r\u00e9ellement inclusive. Les entreprises qui s\u2019y conforment ne se prot\u00e8gent pas uniquement des risques juridiques\u202f:\u00a0<strong>elles saisissent aussi l\u2019opportunit\u00e9 d\u2019am\u00e9liorer la qualit\u00e9 de leur communication et d\u2019\u00e9largir leur accessibilit\u00e9.<\/strong>\u00a0<\/p><p>D\u2019autres extensions r\u00e9glementaires sont pr\u00e9vues d\u2019ici 2027, notamment sur l\u2019accessibilit\u00e9 des produits et services professionnels. Il est donc essentiel de b\u00e2tir d\u00e8s maintenant une\u00a0<strong>strat\u00e9gie d\u2019accessibilit\u00e9<\/strong>\u00a0robuste, transversale, et partag\u00e9e.<\/p>\t\t\t\t\t\t\t\t<\/div>\n\t\t\t\t<\/div>\n\t\t\t\t<\/div>\n\t\t\t\t\t<\/div>\n\t\t\t\t<\/div>\n\t\t\t\t<\/div>\n\t\t","protected":false},"excerpt":{"rendered":"<p>Une exigence renforc\u00e9e qui ne concerne plus que le web Le 28 juin 2025 marque l\u2019entr\u00e9e en vigueur d\u2019une nouvelle directive europ\u00e9enne sur l\u2019accessibilit\u00e9, \u00e9tendant les obligations au-del\u00e0 du p\u00e9rim\u00e8tre du web. Pour les entreprises, cette \u00e9volution n\u2019est ni un simple ajustement r\u00e9glementaire, ni un sujet exclusivement technique\u202f: elle modifie en profondeur les exigences de [&hellip;]<\/p>\n","protected":false},"author":32,"featured_media":17842,"comment_status":"open","ping_status":"open","sticky":false,"template":"","format":"standard","meta":{"_acf_changed":false,"content-type":"","inline_featured_image":false,"footnotes":""},"categories":[172],"tags":[],"class_list":["post-12644","post","type-post","status-publish","format-standard","has-post-thumbnail","hentry","category-reporting-financier"],"acf":[],"yoast_head":"<!-- This site is optimized with the Yoast SEO plugin v27.4 - https:\/\/yoast.com\/product\/yoast-seo-wordpress\/ -->\n<title>Nouvelle directive europ\u00e9enne sur l\u2019accessibilit\u00e9 : ce que les entreprises doivent pr\u00e9parer d\u00e8s maintenant | Labrador Transparency<\/title>\n<meta name=\"description\" content=\"La directive europ\u00e9enne sur l&#039;accessibilit\u00e9 num\u00e9rique entre en vigueur en juin 2025. Quels impacts concrets pour les entreprises sur leurs documents et services digitaux ? D\u00e9cryptage et solutions.\" \/>\n<meta name=\"robots\" content=\"index, follow, max-snippet:-1, max-image-preview:large, max-video-preview:-1\" \/>\n<link rel=\"canonical\" href=\"https:\/\/www.labrador-transparency.com\/fr\/blog\/directive-europeenne-accessibilite-preparer-maintenant\/\" \/>\n<meta property=\"og:locale\" content=\"fr_FR\" \/>\n<meta property=\"og:type\" content=\"article\" \/>\n<meta property=\"og:title\" content=\"Nouvelle directive europ\u00e9enne sur l\u2019accessibilit\u00e9 : ce que les entreprises doivent pr\u00e9parer d\u00e8s maintenant | Labrador Transparency\" \/>\n<meta property=\"og:description\" content=\"La directive europ\u00e9enne sur l&#039;accessibilit\u00e9 num\u00e9rique entre en vigueur en juin 2025. Quels impacts concrets pour les entreprises sur leurs documents et services digitaux ? D\u00e9cryptage et solutions.\" \/>\n<meta property=\"og:url\" content=\"https:\/\/www.labrador-transparency.com\/fr\/blog\/directive-europeenne-accessibilite-preparer-maintenant\/\" \/>\n<meta property=\"og:site_name\" content=\"Labrador Transparency\" \/>\n<meta property=\"article:published_time\" content=\"2025-08-05T09:54:26+00:00\" \/>\n<meta property=\"article:modified_time\" content=\"2026-03-18T13:37:50+00:00\" \/>\n<meta property=\"og:image\" content=\"https:\/\/www.labrador-transparency.com\/wp-content\/uploads\/2025\/08\/website-article-formation-1024x329.png\" \/>\n\t<meta property=\"og:image:width\" content=\"1024\" \/>\n\t<meta property=\"og:image:height\" content=\"329\" \/>\n\t<meta property=\"og:image:type\" content=\"image\/png\" \/>\n<meta name=\"author\" content=\"Eve Bousseau\" \/>\n<meta name=\"twitter:card\" content=\"summary_large_image\" \/>\n<meta name=\"twitter:label1\" content=\"\u00c9crit par\" \/>\n\t<meta name=\"twitter:data1\" content=\"Eve Bousseau\" \/>\n\t<meta name=\"twitter:label2\" content=\"Dur\u00e9e de lecture estim\u00e9e\" \/>\n\t<meta name=\"twitter:data2\" content=\"4 minutes\" \/>\n<script type=\"application\/ld+json\" class=\"yoast-schema-graph\">{\"@context\":\"https:\\\/\\\/schema.org\",\"@graph\":[{\"@type\":\"Article\",\"@id\":\"https:\\\/\\\/www.labrador-transparency.com\\\/fr\\\/blog\\\/directive-europeenne-accessibilite-preparer-maintenant\\\/#article\",\"isPartOf\":{\"@id\":\"https:\\\/\\\/www.labrador-transparency.com\\\/fr\\\/blog\\\/directive-europeenne-accessibilite-preparer-maintenant\\\/\"},\"author\":{\"name\":\"Eve Bousseau\",\"@id\":\"https:\\\/\\\/www.labrador-transparency.com\\\/fr\\\/#\\\/schema\\\/person\\\/3c43b8fc0404ce86d9a7d06964af66f9\"},\"headline\":\"Nouvelle directive europ\u00e9enne sur l\u2019accessibilit\u00e9 : ce que les entreprises doivent pr\u00e9parer d\u00e8s maintenant\",\"datePublished\":\"2025-08-05T09:54:26+00:00\",\"dateModified\":\"2026-03-18T13:37:50+00:00\",\"mainEntityOfPage\":{\"@id\":\"https:\\\/\\\/www.labrador-transparency.com\\\/fr\\\/blog\\\/directive-europeenne-accessibilite-preparer-maintenant\\\/\"},\"wordCount\":725,\"commentCount\":0,\"publisher\":{\"@id\":\"https:\\\/\\\/www.labrador-transparency.com\\\/fr\\\/#organization\"},\"image\":{\"@id\":\"https:\\\/\\\/www.labrador-transparency.com\\\/fr\\\/blog\\\/directive-europeenne-accessibilite-preparer-maintenant\\\/#primaryimage\"},\"thumbnailUrl\":\"https:\\\/\\\/www.labrador-transparency.com\\\/wp-content\\\/uploads\\\/2025\\\/08\\\/website-article-formation.png\",\"articleSection\":[\"Reporting financier\"],\"inLanguage\":\"fr-FR\",\"potentialAction\":[{\"@type\":\"CommentAction\",\"name\":\"Comment\",\"target\":[\"https:\\\/\\\/www.labrador-transparency.com\\\/fr\\\/blog\\\/directive-europeenne-accessibilite-preparer-maintenant\\\/#respond\"]}]},{\"@type\":\"WebPage\",\"@id\":\"https:\\\/\\\/www.labrador-transparency.com\\\/fr\\\/blog\\\/directive-europeenne-accessibilite-preparer-maintenant\\\/\",\"url\":\"https:\\\/\\\/www.labrador-transparency.com\\\/fr\\\/blog\\\/directive-europeenne-accessibilite-preparer-maintenant\\\/\",\"name\":\"Nouvelle directive europ\u00e9enne sur l\u2019accessibilit\u00e9 : ce que les entreprises doivent pr\u00e9parer d\u00e8s maintenant | Labrador Transparency\",\"isPartOf\":{\"@id\":\"https:\\\/\\\/www.labrador-transparency.com\\\/fr\\\/#website\"},\"primaryImageOfPage\":{\"@id\":\"https:\\\/\\\/www.labrador-transparency.com\\\/fr\\\/blog\\\/directive-europeenne-accessibilite-preparer-maintenant\\\/#primaryimage\"},\"image\":{\"@id\":\"https:\\\/\\\/www.labrador-transparency.com\\\/fr\\\/blog\\\/directive-europeenne-accessibilite-preparer-maintenant\\\/#primaryimage\"},\"thumbnailUrl\":\"https:\\\/\\\/www.labrador-transparency.com\\\/wp-content\\\/uploads\\\/2025\\\/08\\\/website-article-formation.png\",\"datePublished\":\"2025-08-05T09:54:26+00:00\",\"dateModified\":\"2026-03-18T13:37:50+00:00\",\"description\":\"La directive europ\u00e9enne sur l'accessibilit\u00e9 num\u00e9rique entre en vigueur en juin 2025. Quels impacts concrets pour les entreprises sur leurs documents et services digitaux ? D\u00e9cryptage et solutions.\",\"breadcrumb\":{\"@id\":\"https:\\\/\\\/www.labrador-transparency.com\\\/fr\\\/blog\\\/directive-europeenne-accessibilite-preparer-maintenant\\\/#breadcrumb\"},\"inLanguage\":\"fr-FR\",\"potentialAction\":[{\"@type\":\"ReadAction\",\"target\":[\"https:\\\/\\\/www.labrador-transparency.com\\\/fr\\\/blog\\\/directive-europeenne-accessibilite-preparer-maintenant\\\/\"]}]},{\"@type\":\"ImageObject\",\"inLanguage\":\"fr-FR\",\"@id\":\"https:\\\/\\\/www.labrador-transparency.com\\\/fr\\\/blog\\\/directive-europeenne-accessibilite-preparer-maintenant\\\/#primaryimage\",\"url\":\"https:\\\/\\\/www.labrador-transparency.com\\\/wp-content\\\/uploads\\\/2025\\\/08\\\/website-article-formation.png\",\"contentUrl\":\"https:\\\/\\\/www.labrador-transparency.com\\\/wp-content\\\/uploads\\\/2025\\\/08\\\/website-article-formation.png\",\"width\":2240,\"height\":720,\"caption\":\"website article formation\"},{\"@type\":\"BreadcrumbList\",\"@id\":\"https:\\\/\\\/www.labrador-transparency.com\\\/fr\\\/blog\\\/directive-europeenne-accessibilite-preparer-maintenant\\\/#breadcrumb\",\"itemListElement\":[{\"@type\":\"ListItem\",\"position\":1,\"name\":\"Home\",\"item\":\"https:\\\/\\\/www.labrador-transparency.com\\\/fr\\\/\"},{\"@type\":\"ListItem\",\"position\":2,\"name\":\"Nouvelle directive europ\u00e9enne sur l\u2019accessibilit\u00e9 : ce que les entreprises doivent pr\u00e9parer d\u00e8s maintenant\"}]},{\"@type\":\"WebSite\",\"@id\":\"https:\\\/\\\/www.labrador-transparency.com\\\/fr\\\/#website\",\"url\":\"https:\\\/\\\/www.labrador-transparency.com\\\/fr\\\/\",\"name\":\"Labrador Transparency\",\"description\":\"\",\"publisher\":{\"@id\":\"https:\\\/\\\/www.labrador-transparency.com\\\/fr\\\/#organization\"},\"potentialAction\":[{\"@type\":\"SearchAction\",\"target\":{\"@type\":\"EntryPoint\",\"urlTemplate\":\"https:\\\/\\\/www.labrador-transparency.com\\\/fr\\\/?s={search_term_string}\"},\"query-input\":{\"@type\":\"PropertyValueSpecification\",\"valueRequired\":true,\"valueName\":\"search_term_string\"}}],\"inLanguage\":\"fr-FR\"},{\"@type\":\"Organization\",\"@id\":\"https:\\\/\\\/www.labrador-transparency.com\\\/fr\\\/#organization\",\"name\":\"Labrador\",\"url\":\"https:\\\/\\\/www.labrador-transparency.com\\\/fr\\\/\",\"logo\":{\"@type\":\"ImageObject\",\"inLanguage\":\"fr-FR\",\"@id\":\"https:\\\/\\\/www.labrador-transparency.com\\\/fr\\\/#\\\/schema\\\/logo\\\/image\\\/\",\"url\":\"https:\\\/\\\/www.labrador-transparency.com\\\/wp-content\\\/uploads\\\/2021\\\/11\\\/logo-r1.svg\",\"contentUrl\":\"https:\\\/\\\/www.labrador-transparency.com\\\/wp-content\\\/uploads\\\/2021\\\/11\\\/logo-r1.svg\",\"width\":304,\"height\":60,\"caption\":\"Labrador\"},\"image\":{\"@id\":\"https:\\\/\\\/www.labrador-transparency.com\\\/fr\\\/#\\\/schema\\\/logo\\\/image\\\/\"}},{\"@type\":\"Person\",\"@id\":\"https:\\\/\\\/www.labrador-transparency.com\\\/fr\\\/#\\\/schema\\\/person\\\/3c43b8fc0404ce86d9a7d06964af66f9\",\"name\":\"Eve Bousseau\",\"image\":{\"@type\":\"ImageObject\",\"inLanguage\":\"fr-FR\",\"@id\":\"https:\\\/\\\/secure.gravatar.com\\\/avatar\\\/d44538eab1225681b26c4a00072ed14c8fb8ce25165ff1c28266a374e5092c8f?s=96&d=mm&r=g\",\"url\":\"https:\\\/\\\/secure.gravatar.com\\\/avatar\\\/d44538eab1225681b26c4a00072ed14c8fb8ce25165ff1c28266a374e5092c8f?s=96&d=mm&r=g\",\"contentUrl\":\"https:\\\/\\\/secure.gravatar.com\\\/avatar\\\/d44538eab1225681b26c4a00072ed14c8fb8ce25165ff1c28266a374e5092c8f?s=96&d=mm&r=g\",\"caption\":\"Eve Bousseau\"}}]}<\/script>\n<!-- \/ Yoast SEO plugin. -->","yoast_head_json":{"title":"Nouvelle directive europ\u00e9enne sur l\u2019accessibilit\u00e9 : ce que les entreprises doivent pr\u00e9parer d\u00e8s maintenant | Labrador Transparency","description":"La directive europ\u00e9enne sur l'accessibilit\u00e9 num\u00e9rique entre en vigueur en juin 2025. Quels impacts concrets pour les entreprises sur leurs documents et services digitaux ? D\u00e9cryptage et solutions.","robots":{"index":"index","follow":"follow","max-snippet":"max-snippet:-1","max-image-preview":"max-image-preview:large","max-video-preview":"max-video-preview:-1"},"canonical":"https:\/\/www.labrador-transparency.com\/fr\/blog\/directive-europeenne-accessibilite-preparer-maintenant\/","og_locale":"fr_FR","og_type":"article","og_title":"Nouvelle directive europ\u00e9enne sur l\u2019accessibilit\u00e9 : ce que les entreprises doivent pr\u00e9parer d\u00e8s maintenant | Labrador Transparency","og_description":"La directive europ\u00e9enne sur l'accessibilit\u00e9 num\u00e9rique entre en vigueur en juin 2025. Quels impacts concrets pour les entreprises sur leurs documents et services digitaux ? D\u00e9cryptage et solutions.","og_url":"https:\/\/www.labrador-transparency.com\/fr\/blog\/directive-europeenne-accessibilite-preparer-maintenant\/","og_site_name":"Labrador Transparency","article_published_time":"2025-08-05T09:54:26+00:00","article_modified_time":"2026-03-18T13:37:50+00:00","og_image":[{"width":1024,"height":329,"url":"https:\/\/www.labrador-transparency.com\/wp-content\/uploads\/2025\/08\/website-article-formation-1024x329.png","type":"image\/png"}],"author":"Eve Bousseau","twitter_card":"summary_large_image","twitter_misc":{"\u00c9crit par":"Eve Bousseau","Dur\u00e9e de lecture estim\u00e9e":"4 minutes"},"schema":{"@context":"https:\/\/schema.org","@graph":[{"@type":"Article","@id":"https:\/\/www.labrador-transparency.com\/fr\/blog\/directive-europeenne-accessibilite-preparer-maintenant\/#article","isPartOf":{"@id":"https:\/\/www.labrador-transparency.com\/fr\/blog\/directive-europeenne-accessibilite-preparer-maintenant\/"},"author":{"name":"Eve Bousseau","@id":"https:\/\/www.labrador-transparency.com\/fr\/#\/schema\/person\/3c43b8fc0404ce86d9a7d06964af66f9"},"headline":"Nouvelle directive europ\u00e9enne sur l\u2019accessibilit\u00e9 : ce que les entreprises doivent pr\u00e9parer d\u00e8s maintenant","datePublished":"2025-08-05T09:54:26+00:00","dateModified":"2026-03-18T13:37:50+00:00","mainEntityOfPage":{"@id":"https:\/\/www.labrador-transparency.com\/fr\/blog\/directive-europeenne-accessibilite-preparer-maintenant\/"},"wordCount":725,"commentCount":0,"publisher":{"@id":"https:\/\/www.labrador-transparency.com\/fr\/#organization"},"image":{"@id":"https:\/\/www.labrador-transparency.com\/fr\/blog\/directive-europeenne-accessibilite-preparer-maintenant\/#primaryimage"},"thumbnailUrl":"https:\/\/www.labrador-transparency.com\/wp-content\/uploads\/2025\/08\/website-article-formation.png","articleSection":["Reporting financier"],"inLanguage":"fr-FR","potentialAction":[{"@type":"CommentAction","name":"Comment","target":["https:\/\/www.labrador-transparency.com\/fr\/blog\/directive-europeenne-accessibilite-preparer-maintenant\/#respond"]}]},{"@type":"WebPage","@id":"https:\/\/www.labrador-transparency.com\/fr\/blog\/directive-europeenne-accessibilite-preparer-maintenant\/","url":"https:\/\/www.labrador-transparency.com\/fr\/blog\/directive-europeenne-accessibilite-preparer-maintenant\/","name":"Nouvelle directive europ\u00e9enne sur l\u2019accessibilit\u00e9 : ce que les entreprises doivent pr\u00e9parer d\u00e8s maintenant | Labrador Transparency","isPartOf":{"@id":"https:\/\/www.labrador-transparency.com\/fr\/#website"},"primaryImageOfPage":{"@id":"https:\/\/www.labrador-transparency.com\/fr\/blog\/directive-europeenne-accessibilite-preparer-maintenant\/#primaryimage"},"image":{"@id":"https:\/\/www.labrador-transparency.com\/fr\/blog\/directive-europeenne-accessibilite-preparer-maintenant\/#primaryimage"},"thumbnailUrl":"https:\/\/www.labrador-transparency.com\/wp-content\/uploads\/2025\/08\/website-article-formation.png","datePublished":"2025-08-05T09:54:26+00:00","dateModified":"2026-03-18T13:37:50+00:00","description":"La directive europ\u00e9enne sur l'accessibilit\u00e9 num\u00e9rique entre en vigueur en juin 2025. Quels impacts concrets pour les entreprises sur leurs documents et services digitaux ? D\u00e9cryptage et solutions.","breadcrumb":{"@id":"https:\/\/www.labrador-transparency.com\/fr\/blog\/directive-europeenne-accessibilite-preparer-maintenant\/#breadcrumb"},"inLanguage":"fr-FR","potentialAction":[{"@type":"ReadAction","target":["https:\/\/www.labrador-transparency.com\/fr\/blog\/directive-europeenne-accessibilite-preparer-maintenant\/"]}]},{"@type":"ImageObject","inLanguage":"fr-FR","@id":"https:\/\/www.labrador-transparency.com\/fr\/blog\/directive-europeenne-accessibilite-preparer-maintenant\/#primaryimage","url":"https:\/\/www.labrador-transparency.com\/wp-content\/uploads\/2025\/08\/website-article-formation.png","contentUrl":"https:\/\/www.labrador-transparency.com\/wp-content\/uploads\/2025\/08\/website-article-formation.png","width":2240,"height":720,"caption":"website article formation"},{"@type":"BreadcrumbList","@id":"https:\/\/www.labrador-transparency.com\/fr\/blog\/directive-europeenne-accessibilite-preparer-maintenant\/#breadcrumb","itemListElement":[{"@type":"ListItem","position":1,"name":"Home","item":"https:\/\/www.labrador-transparency.com\/fr\/"},{"@type":"ListItem","position":2,"name":"Nouvelle directive europ\u00e9enne sur l\u2019accessibilit\u00e9 : ce que les entreprises doivent pr\u00e9parer d\u00e8s maintenant"}]},{"@type":"WebSite","@id":"https:\/\/www.labrador-transparency.com\/fr\/#website","url":"https:\/\/www.labrador-transparency.com\/fr\/","name":"Labrador Transparency","description":"","publisher":{"@id":"https:\/\/www.labrador-transparency.com\/fr\/#organization"},"potentialAction":[{"@type":"SearchAction","target":{"@type":"EntryPoint","urlTemplate":"https:\/\/www.labrador-transparency.com\/fr\/?s={search_term_string}"},"query-input":{"@type":"PropertyValueSpecification","valueRequired":true,"valueName":"search_term_string"}}],"inLanguage":"fr-FR"},{"@type":"Organization","@id":"https:\/\/www.labrador-transparency.com\/fr\/#organization","name":"Labrador","url":"https:\/\/www.labrador-transparency.com\/fr\/","logo":{"@type":"ImageObject","inLanguage":"fr-FR","@id":"https:\/\/www.labrador-transparency.com\/fr\/#\/schema\/logo\/image\/","url":"https:\/\/www.labrador-transparency.com\/wp-content\/uploads\/2021\/11\/logo-r1.svg","contentUrl":"https:\/\/www.labrador-transparency.com\/wp-content\/uploads\/2021\/11\/logo-r1.svg","width":304,"height":60,"caption":"Labrador"},"image":{"@id":"https:\/\/www.labrador-transparency.com\/fr\/#\/schema\/logo\/image\/"}},{"@type":"Person","@id":"https:\/\/www.labrador-transparency.com\/fr\/#\/schema\/person\/3c43b8fc0404ce86d9a7d06964af66f9","name":"Eve Bousseau","image":{"@type":"ImageObject","inLanguage":"fr-FR","@id":"https:\/\/secure.gravatar.com\/avatar\/d44538eab1225681b26c4a00072ed14c8fb8ce25165ff1c28266a374e5092c8f?s=96&d=mm&r=g","url":"https:\/\/secure.gravatar.com\/avatar\/d44538eab1225681b26c4a00072ed14c8fb8ce25165ff1c28266a374e5092c8f?s=96&d=mm&r=g","contentUrl":"https:\/\/secure.gravatar.com\/avatar\/d44538eab1225681b26c4a00072ed14c8fb8ce25165ff1c28266a374e5092c8f?s=96&d=mm&r=g","caption":"Eve Bousseau"}}]}},"publishpress_future_action":{"enabled":false,"date":"2026-05-06 19:26:04","action":"change-status","newStatus":"draft","terms":[],"taxonomy":"category","extraData":[]},"publishpress_future_workflow_manual_trigger":{"enabledWorkflows":[]},"_links":{"self":[{"href":"https:\/\/www.labrador-transparency.com\/fr\/wp-json\/wp\/v2\/posts\/12644","targetHints":{"allow":["GET"]}}],"collection":[{"href":"https:\/\/www.labrador-transparency.com\/fr\/wp-json\/wp\/v2\/posts"}],"about":[{"href":"https:\/\/www.labrador-transparency.com\/fr\/wp-json\/wp\/v2\/types\/post"}],"author":[{"embeddable":true,"href":"https:\/\/www.labrador-transparency.com\/fr\/wp-json\/wp\/v2\/users\/32"}],"replies":[{"embeddable":true,"href":"https:\/\/www.labrador-transparency.com\/fr\/wp-json\/wp\/v2\/comments?post=12644"}],"version-history":[{"count":1,"href":"https:\/\/www.labrador-transparency.com\/fr\/wp-json\/wp\/v2\/posts\/12644\/revisions"}],"predecessor-version":[{"id":23186,"href":"https:\/\/www.labrador-transparency.com\/fr\/wp-json\/wp\/v2\/posts\/12644\/revisions\/23186"}],"wp:featuredmedia":[{"embeddable":true,"href":"https:\/\/www.labrador-transparency.com\/fr\/wp-json\/wp\/v2\/media\/17842"}],"wp:attachment":[{"href":"https:\/\/www.labrador-transparency.com\/fr\/wp-json\/wp\/v2\/media?parent=12644"}],"wp:term":[{"taxonomy":"category","embeddable":true,"href":"https:\/\/www.labrador-transparency.com\/fr\/wp-json\/wp\/v2\/categories?post=12644"},{"taxonomy":"post_tag","embeddable":true,"href":"https:\/\/www.labrador-transparency.com\/fr\/wp-json\/wp\/v2\/tags?post=12644"}],"curies":[{"name":"wp","href":"https:\/\/api.w.org\/{rel}","templated":true}]}}