{"id":17501,"date":"2025-10-23T08:27:58","date_gmt":"2025-10-23T07:27:58","guid":{"rendered":"https:\/\/www.labrador-transparency.com\/?p=17501"},"modified":"2025-11-13T16:32:46","modified_gmt":"2025-11-13T15:32:46","slug":"produrable-2025-progres-heritage-et-durabilite-les-entreprises-en-premiere-ligne","status":"publish","type":"post","link":"https:\/\/www.labrador-transparency.com\/fr\/blog\/produrable-2025-progres-heritage-et-durabilite-les-entreprises-en-premiere-ligne\/","title":{"rendered":"Produrable 2025 : progr\u00e8s, h\u00e9ritage et durabilit\u00e9, les entreprises en premi\u00e8re ligne"},"content":{"rendered":"\t\t<div data-elementor-type=\"wp-post\" data-elementor-id=\"17501\" class=\"elementor elementor-17501\" data-elementor-post-type=\"post\">\n\t\t\t\t<div class=\"elementor-element elementor-element-52136a2 e-flex e-con-boxed e-con e-parent\" data-id=\"52136a2\" data-element_type=\"container\" data-e-type=\"container\">\n\t\t\t\t\t<div class=\"e-con-inner\">\n\t\t\t\t<div class=\"elementor-element elementor-element-4030e1d elementor-widget elementor-widget-text-editor\" data-id=\"4030e1d\" data-element_type=\"widget\" data-e-type=\"widget\" data-widget_type=\"text-editor.default\">\n\t\t\t\t\t\t\t\t\t<p>Quel progr\u00e8s en h\u00e9ritage\u00a0? C\u2019est avec cette question que s\u2019est ouverte l\u2019\u00e9dition 2025 de Produrable, le rendez-vous des professionnels de la RSE et de la transformation durable des entreprises. Chaque ann\u00e9e, cet \u00e9v\u00e9nement interroge la mani\u00e8re dont les organisations con\u00e7oivent et communiquent leurs engagements.<\/p><p>Cette ann\u00e9e, la conf\u00e9rence d\u2019ouverture a r\u00e9uni des voix fortes autour des th\u00e8mes du progr\u00e8s et de l\u2019h\u00e9ritage :<\/p><ul><li><a href=\"https:\/\/www.linkedin.com\/in\/etienne-klein-0904b316\/\" target=\"_blank\" rel=\"noopener\"><strong>\u00c9tienne Klein<\/strong><\/a>, philosophe et physicien<\/li><li><a href=\"https:\/\/fr.wikipedia.org\/wiki\/Corine_Pelluchon\" target=\"_blank\" rel=\"noopener\"><strong>Corinne Peluchon<\/strong><\/a>, philosophe<\/li><li><strong><a href=\"https:\/\/www.linkedin.com\/in\/h%C3%A9l%C3%A8ne-valade-65a7aa131\/\" target=\"_blank\" rel=\"noopener\">H\u00e9l\u00e8ne Valade<\/a><\/strong>, Directrice du D\u00e9veloppement Environnement du groupe LVMH<\/li><li><a href=\"https:\/\/www.linkedin.com\/in\/emmanuelle-parra-ponce-27632453\/\" target=\"_blank\" rel=\"noopener\"><strong>Emmanuelle Parra-Ponce<\/strong><\/a>, Directrice g\u00e9n\u00e9rale adjointe d\u2019AEF Info<\/li><\/ul>\t\t\t\t\t\t\t\t<\/div>\n\t\t\t\t<div class=\"elementor-element elementor-element-b7a4748 elementor-widget elementor-widget-heading\" data-id=\"b7a4748\" data-element_type=\"widget\" data-e-type=\"widget\" data-widget_type=\"heading.default\">\n\t\t\t\t\t<h2 class=\"elementor-heading-title elementor-size-default\">R\u00e9habiliter le progr\u00e8s face \u00e0 l\u2019innovation pour une transformation durable<\/h2>\t\t\t\t<\/div>\n\t\t\t\t<div class=\"elementor-element elementor-element-c81b0de elementor-widget elementor-widget-text-editor\" data-id=\"c81b0de\" data-element_type=\"widget\" data-e-type=\"widget\" data-widget_type=\"text-editor.default\">\n\t\t\t\t\t\t\t\t\t<p>Anim\u00e9e par Emmanuelle Parra-Ponce, la discussion s\u2019est ouverte sur une question simple en apparence : qu\u2019est-ce que le progr\u00e8s ?<\/p><p>Pour \u00c9tienne Klein, il faut d\u2019abord rappeler le sens premier du mot. \u00ab Progresser \u00bb signifiait autrefois avancer dans l\u2019espace. Les Lumi\u00e8res ont eu l\u2019id\u00e9e r\u00e9volutionnaire de transposer ce mouvement dans le temps : croire que l\u2019avenir peut \u00eatre configur\u00e9, construit, am\u00e9lior\u00e9.<\/p><p>Aujourd\u2019hui, le mot s\u2019est effac\u00e9 au profit de celui d\u2019innovation, plus technique, plus imm\u00e9diat. Quand le progr\u00e8s cherche le sens, l\u2019innovation r\u00e9pond \u00e0 l\u2019urgence. Le risque, selon \u00c9tienne Klein, est d\u2019oublier que toute transformation suppose une finalit\u00e9 partag\u00e9e.<\/p><p>Corinne Pelluchon compl\u00e8te\u00a0: depuis Jean-Jacques Rousseau, les penseurs ont per\u00e7u le danger d\u2019un progr\u00e8s sans boussole morale. <strong>L\u2019enjeu du XXI<\/strong><strong>\u1d49 si\u00e8cle est de red\u00e9finir le progr\u00e8s non pas comme une course \u00e0 l\u2019illimit\u00e9, mais comme une maturit\u00e9 collective, capable de reconna\u00eetre les limites plan\u00e9taires, sociales et humaines.<\/strong><\/p>\t\t\t\t\t\t\t\t<\/div>\n\t\t<div class=\"elementor-element elementor-element-7256644 e-con-full e-flex e-con e-child\" data-id=\"7256644\" data-element_type=\"container\" data-e-type=\"container\">\n\t\t<div class=\"elementor-element elementor-element-3608ae2 e-con-full e-flex e-con e-child\" data-id=\"3608ae2\" data-element_type=\"container\" data-e-type=\"container\">\n\t\t\t\t<div class=\"elementor-element elementor-element-0f54949 elementor-view-default elementor-widget elementor-widget-icon\" data-id=\"0f54949\" data-element_type=\"widget\" data-e-type=\"widget\" data-widget_type=\"icon.default\">\n\t\t\t\t\t\t\t<div class=\"elementor-icon-wrapper\">\n\t\t\t<div class=\"elementor-icon\">\n\t\t\t<svg xmlns=\"http:\/\/www.w3.org\/2000\/svg\" width=\"57\" height=\"38\" viewBox=\"0 0 57 38\" fill=\"none\"><path d=\"M22.1191 0C25.5371 0 27.2461 0.976562 27.2461 2.92969C27.2461 4.58984 25.9766 5.41992 23.4375 5.41992C18.1641 5.41992 15.5273 7.32422 15.5273 11.1328C15.5273 13.4766 16.0156 15.3809 16.9922 16.8457C17.9688 18.3105 18.9453 19.8242 19.9219 21.3867C20.8984 22.8516 21.3867 24.9023 21.3867 27.5391C21.3867 30.7617 20.4102 33.3008 18.457 35.1562C16.6016 37.0117 14.3555 37.9395 11.7188 37.9395C8.39844 37.9395 5.61523 36.7188 3.36914 34.2773C1.12305 31.7383 0 28.1738 0 23.584C0 17.8223 2.05078 12.4512 6.15234 7.4707C10.3516 2.49023 15.6738 0 22.1191 0ZM51.709 0C55.127 0 56.8359 0.976562 56.8359 2.92969C56.8359 4.58984 55.5664 5.41992 53.0273 5.41992C47.7539 5.41992 45.1172 7.32422 45.1172 11.1328C45.1172 13.4766 45.6055 15.3809 46.582 16.8457C47.5586 18.3105 48.5352 19.8242 49.5117 21.3867C50.4883 22.8516 50.9766 24.9023 50.9766 27.5391C50.9766 30.7617 50 33.3008 48.0469 35.1562C46.1914 37.0117 43.9453 37.9395 41.3086 37.9395C37.9883 37.9395 35.2051 36.7188 32.959 34.2773C30.7129 31.7383 29.5898 28.1738 29.5898 23.584C29.5898 17.8223 31.6406 12.4512 35.7422 7.4707C39.9414 2.49023 45.2637 0 51.709 0Z\" fill=\"#723DA8\"><\/path><\/svg>\t\t\t<\/div>\n\t\t<\/div>\n\t\t\t\t\t\t<\/div>\n\t\t\t\t<div class=\"elementor-element elementor-element-9625095 elementor-widget elementor-widget-heading\" data-id=\"9625095\" data-element_type=\"widget\" data-e-type=\"widget\" data-widget_type=\"heading.default\">\n\t\t\t\t\t<h3 class=\"elementor-heading-title elementor-size-default\">Le progr\u00e8s doit redevenir une id\u00e9e partag\u00e9e, tourn\u00e9e vers l\u2019humanit\u00e9 enti\u00e8re. <\/h3>\t\t\t\t<\/div>\n\t\t\t\t<div class=\"elementor-element elementor-element-dae2f68 elementor-position-left elementor-vertical-align-middle elementor-widget elementor-widget-image-box\" data-id=\"dae2f68\" data-element_type=\"widget\" data-e-type=\"widget\" data-widget_type=\"image-box.default\">\n\t\t\t\t\t<div class=\"elementor-image-box-wrapper\"><figure class=\"elementor-image-box-img\"><img fetchpriority=\"high\" decoding=\"async\" width=\"400\" height=\"400\" src=\"https:\/\/www.labrador-transparency.com\/wp-content\/uploads\/2025\/10\/etienne-klein.jpeg\" class=\"attachment-full size-full wp-image-18439\" alt=\"etienne klein\" srcset=\"https:\/\/www.labrador-transparency.com\/wp-content\/uploads\/2025\/10\/etienne-klein.jpeg 400w, https:\/\/www.labrador-transparency.com\/wp-content\/uploads\/2025\/10\/etienne-klein-300x300.jpeg 300w, https:\/\/www.labrador-transparency.com\/wp-content\/uploads\/2025\/10\/etienne-klein-150x150.jpeg 150w\" sizes=\"(max-width: 400px) 100vw, 400px\" \/><\/figure><div class=\"elementor-image-box-content\"><div class=\"elementor-image-box-title\">\u00c9tienne Klein<\/div><p class=\"elementor-image-box-description\">Philosophe et physicien<\/p><\/div><\/div>\t\t\t\t<\/div>\n\t\t\t\t<\/div>\n\t\t\t\t<\/div>\n\t\t\t\t<div class=\"elementor-element elementor-element-8db06c5 elementor-widget elementor-widget-heading\" data-id=\"8db06c5\" data-element_type=\"widget\" data-e-type=\"widget\" data-widget_type=\"heading.default\">\n\t\t\t\t\t<h2 class=\"elementor-heading-title elementor-size-default\">Entreprises et durabilit\u00e9 : comment redonner du sens au progr\u00e8s ?<\/h2>\t\t\t\t<\/div>\n\t\t\t\t<div class=\"elementor-element elementor-element-972a27f elementor-widget elementor-widget-text-editor\" data-id=\"972a27f\" data-element_type=\"widget\" data-e-type=\"widget\" data-widget_type=\"text-editor.default\">\n\t\t\t\t\t\t\t\t\t<p>H\u00e9l\u00e8ne Valade apporte la perspective des entreprises. Dans les dictionnaires, rappelle-t-elle, le progr\u00e8s est un processus orient\u00e9 vers un id\u00e9al positif. Mais cette corr\u00e9lation s\u2019est bris\u00e9e. Le progr\u00e8s a g\u00e9n\u00e9r\u00e9 ses propres d\u00e9sillusions : \u00e9puisement des ressources, d\u00e9r\u00e8glement du climat, perte de sens.<\/p><p><strong>Pour H\u00e9l\u00e8ne Valade, le r\u00f4le des entreprises est d\u00e9sormais de r\u00e9enchanter la notion de progr\u00e8s en d\u00e9signant un futur d\u00e9sirable, courageusement lucide sur ses limites. <\/strong>Dix ans apr\u00e8s l\u2019<a href=\"https:\/\/unfccc.int\/fr\/a-propos-des-ndcs\/l-accord-de-paris\">Accord de Paris<\/a>, les chiffres montrent les signes d\u2019un passage \u00e0 l\u2019action : de 3 entreprises engag\u00e9es sur des trajectoires bas-carbone en 2015 \u00e0 plus de 11 000 en 2025.<\/p><p>Elle insiste : le progr\u00e8s de demain reposera sur une relation vivante avec le vivant, sur la r\u00e9g\u00e9n\u00e9ration plut\u00f4t que l\u2019exploitation.<\/p>\t\t\t\t\t\t\t\t<\/div>\n\t\t\t\t<div class=\"elementor-element elementor-element-96f7d50 elementor-widget elementor-widget-heading\" data-id=\"96f7d50\" data-element_type=\"widget\" data-e-type=\"widget\" data-widget_type=\"heading.default\">\n\t\t\t\t\t<h2 class=\"elementor-heading-title elementor-size-default\">CSRD : repenser la performance des entreprises<\/h2>\t\t\t\t<\/div>\n\t\t\t\t<div class=\"elementor-element elementor-element-22ed232 elementor-widget elementor-widget-text-editor\" data-id=\"22ed232\" data-element_type=\"widget\" data-e-type=\"widget\" data-widget_type=\"text-editor.default\">\n\t\t\t\t\t\t\t\t\t<p>Relanc\u00e9e par Emmanuelle Parra-Ponce, H\u00e9l\u00e8ne Valade revient sur l\u2019ambivalence constitutive de l\u2019entreprise, \u00e0 la fois cause et solution des d\u00e9r\u00e8glements. Selon elle, la directive relative \u00e0 la publication d&rsquo;informations en mati\u00e8re de durabilit\u00e9 par les entreprises, dite \u00ab CSRD \u00bb, incarne une avanc\u00e9e majeure : elle oblige les entreprises \u00e0 red\u00e9finir leur finalit\u00e9, \u00e0 se penser comme actrices de la soci\u00e9t\u00e9 plut\u00f4t que comme simples entit\u00e9s financi\u00e8res.<\/p><p>Cette directive marque un tournant en introduisant une nouvelle lecture de la performance, fond\u00e9e sur des indicateurs extra-financiers et sur la r\u00e9duction des impacts n\u00e9gatifs. Pour H\u00e9l\u00e8ne Valade, si l\u2019on perd l\u2019esprit de la CSRD, c\u2019est-\u00e0-dire celui d\u2019un pilotage de la transformation dans les limites plan\u00e9taires, on r\u00e9gresse.<\/p><p>Elle prend ensuite l\u2019exemple de LVMH, o\u00f9 la logique d\u2019innovation se conjugue avec celle de cr\u00e9ation et de transmission. Pr\u00e9server le patrimoine des maisons historiques, former aux savoir-faire artisanaux, restaurer la sant\u00e9 des sols viticoles : ces gestes traduisent une m\u00eame id\u00e9e du progr\u00e8s, ancr\u00e9e dans la dur\u00e9e.<\/p>\t\t\t\t\t\t\t\t<\/div>\n\t\t<div class=\"elementor-element elementor-element-933f4cf e-con-full e-flex e-con e-child\" data-id=\"933f4cf\" data-element_type=\"container\" data-e-type=\"container\">\n\t\t<div class=\"elementor-element elementor-element-11d3e1f e-con-full e-flex e-con e-child\" data-id=\"11d3e1f\" data-element_type=\"container\" data-e-type=\"container\">\n\t\t\t\t<div class=\"elementor-element elementor-element-5ea573b elementor-view-default elementor-widget elementor-widget-icon\" data-id=\"5ea573b\" data-element_type=\"widget\" data-e-type=\"widget\" data-widget_type=\"icon.default\">\n\t\t\t\t\t\t\t<div class=\"elementor-icon-wrapper\">\n\t\t\t<div class=\"elementor-icon\">\n\t\t\t<svg xmlns=\"http:\/\/www.w3.org\/2000\/svg\" width=\"57\" height=\"38\" viewBox=\"0 0 57 38\" fill=\"none\"><path d=\"M22.1191 0C25.5371 0 27.2461 0.976562 27.2461 2.92969C27.2461 4.58984 25.9766 5.41992 23.4375 5.41992C18.1641 5.41992 15.5273 7.32422 15.5273 11.1328C15.5273 13.4766 16.0156 15.3809 16.9922 16.8457C17.9688 18.3105 18.9453 19.8242 19.9219 21.3867C20.8984 22.8516 21.3867 24.9023 21.3867 27.5391C21.3867 30.7617 20.4102 33.3008 18.457 35.1562C16.6016 37.0117 14.3555 37.9395 11.7188 37.9395C8.39844 37.9395 5.61523 36.7188 3.36914 34.2773C1.12305 31.7383 0 28.1738 0 23.584C0 17.8223 2.05078 12.4512 6.15234 7.4707C10.3516 2.49023 15.6738 0 22.1191 0ZM51.709 0C55.127 0 56.8359 0.976562 56.8359 2.92969C56.8359 4.58984 55.5664 5.41992 53.0273 5.41992C47.7539 5.41992 45.1172 7.32422 45.1172 11.1328C45.1172 13.4766 45.6055 15.3809 46.582 16.8457C47.5586 18.3105 48.5352 19.8242 49.5117 21.3867C50.4883 22.8516 50.9766 24.9023 50.9766 27.5391C50.9766 30.7617 50 33.3008 48.0469 35.1562C46.1914 37.0117 43.9453 37.9395 41.3086 37.9395C37.9883 37.9395 35.2051 36.7188 32.959 34.2773C30.7129 31.7383 29.5898 28.1738 29.5898 23.584C29.5898 17.8223 31.6406 12.4512 35.7422 7.4707C39.9414 2.49023 45.2637 0 51.709 0Z\" fill=\"#723DA8\"><\/path><\/svg>\t\t\t<\/div>\n\t\t<\/div>\n\t\t\t\t\t\t<\/div>\n\t\t\t\t<div class=\"elementor-element elementor-element-2ff65cc elementor-widget elementor-widget-heading\" data-id=\"2ff65cc\" data-element_type=\"widget\" data-e-type=\"widget\" data-widget_type=\"heading.default\">\n\t\t\t\t\t<h3 class=\"elementor-heading-title elementor-size-default\">Si l\u2019on perd l\u2019esprit de la CSRD, celui d\u2019un pilotage dans les limites plan\u00e9taires, on r\u00e9gresse.<\/h3>\t\t\t\t<\/div>\n\t\t\t\t<div class=\"elementor-element elementor-element-59999c5 elementor-position-left elementor-vertical-align-middle elementor-widget elementor-widget-image-box\" data-id=\"59999c5\" data-element_type=\"widget\" data-e-type=\"widget\" data-widget_type=\"image-box.default\">\n\t\t\t\t\t<div class=\"elementor-image-box-wrapper\"><figure class=\"elementor-image-box-img\"><img decoding=\"async\" width=\"400\" height=\"400\" src=\"https:\/\/www.labrador-transparency.com\/wp-content\/uploads\/2025\/10\/helene-valade.jpeg\" class=\"attachment-full size-full wp-image-18441\" alt=\"helene valade\" srcset=\"https:\/\/www.labrador-transparency.com\/wp-content\/uploads\/2025\/10\/helene-valade.jpeg 400w, https:\/\/www.labrador-transparency.com\/wp-content\/uploads\/2025\/10\/helene-valade-300x300.jpeg 300w, https:\/\/www.labrador-transparency.com\/wp-content\/uploads\/2025\/10\/helene-valade-150x150.jpeg 150w\" sizes=\"(max-width: 400px) 100vw, 400px\" \/><\/figure><div class=\"elementor-image-box-content\"><div class=\"elementor-image-box-title\">H\u00e9l\u00e8ne Valade<\/div><p class=\"elementor-image-box-description\">Directrice du D\u00e9veloppement Environnement, LVMH<\/p><\/div><\/div>\t\t\t\t<\/div>\n\t\t\t\t<\/div>\n\t\t\t\t<\/div>\n\t\t\t\t<div class=\"elementor-element elementor-element-941cb72 elementor-widget elementor-widget-heading\" data-id=\"941cb72\" data-element_type=\"widget\" data-e-type=\"widget\" data-widget_type=\"heading.default\">\n\t\t\t\t\t<h2 class=\"elementor-heading-title elementor-size-default\">Transformer le mod\u00e8le \u00e9conomique pour un futur soutenable<\/h2>\t\t\t\t<\/div>\n\t\t\t\t<div class=\"elementor-element elementor-element-c24029f elementor-widget elementor-widget-text-editor\" data-id=\"c24029f\" data-element_type=\"widget\" data-e-type=\"widget\" data-widget_type=\"text-editor.default\">\n\t\t\t\t\t\t\t\t\t<p>Selon H\u00e9l\u00e8ne Valade, la vision du futur a chang\u00e9 de nature. L\u2019imaginaire joyeux des ann\u00e9es 2000 a laiss\u00e9 place \u00e0 des projections anxiog\u00e8nes, centr\u00e9es sur la catastrophe. Pour recr\u00e9er un d\u00e9sir d\u2019avenir, elle plaide pour des cadres d\u2019action plus modestes et tangibles, \u00e0 l\u2019\u00e9chelle des territoires.<\/p><p>Elle \u00e9voque les transformations \u00e0 conduire : <strong>int\u00e9grer la raret\u00e9 des ressources dans la comptabilit\u00e9, repenser la gouvernance, d\u00e9velopper l\u2019\u00e9conomie circulaire et les alliances locales<\/strong>. Surtout, investir dans les comp\u00e9tences : former aujourd\u2019hui aux m\u00e9tiers dont on aura besoin demain. C\u2019est l\u00e0, dit-elle, que rena\u00eet une projection positive.<\/p>\t\t\t\t\t\t\t\t<\/div>\n\t\t\t\t<div class=\"elementor-element elementor-element-63345f3 elementor-widget elementor-widget-heading\" data-id=\"63345f3\" data-element_type=\"widget\" data-e-type=\"widget\" data-widget_type=\"heading.default\">\n\t\t\t\t\t<h2 class=\"elementor-heading-title elementor-size-default\">Le rapport de durabilit\u00e9, outil de pilotage du progr\u00e8s durable<\/h2>\t\t\t\t<\/div>\n\t\t\t\t<div class=\"elementor-element elementor-element-604ea1d elementor-widget elementor-widget-text-editor\" data-id=\"604ea1d\" data-element_type=\"widget\" data-e-type=\"widget\" data-widget_type=\"text-editor.default\">\n\t\t\t\t\t\t\t\t\t<p>Ce questionnement sur le progr\u00e8s r\u00e9sonne avec la transformation en cours du reporting. Comprendre ce que signifie avancer, innover et agir avec responsabilit\u00e9 n\u2019est plus seulement une question philosophique : c\u2019est devenu un enjeu concret pour les entreprises, qui doivent d\u00e9montrer leur contribution \u00e0 la soci\u00e9t\u00e9 et \u00e0 l\u2019environnement.<\/p><p><strong>La CSRD pousse les entreprises \u00e0 observer leurs impacts, identifier et mesurer leurs risques, structurer leurs actions dans un cadre durable. Elle ne se contente pas d\u2019exiger des chiffres, elle invite \u00e0 r\u00e9fl\u00e9chir \u00e0 la finalit\u00e9 m\u00eame de l\u2019entreprise<\/strong>, \u00e0 ce que ses choix disent de sa contribution au monde.<\/p>\t\t\t\t\t\t\t\t<\/div>\n\t\t\t\t<div class=\"elementor-element elementor-element-45f7562 gradient-bg elementor-widget elementor-widget-text-editor\" data-id=\"45f7562\" data-element_type=\"widget\" data-e-type=\"widget\" data-widget_type=\"text-editor.default\">\n\t\t\t\t\t\t\t\t\t<p>Le progr\u00e8s ne se d\u00e9cr\u00e8te pas, il se d\u00e9montre. C\u2019est tout l\u2019enjeu d\u2019un reporting transparent et utile. Ce lien entre connaissance, action et preuve permet aux entreprises de se projeter dans l\u2019avenir de mani\u00e8re responsable et d\u2019inspirer confiance \u00e0 leurs parties prenantes.<\/p>\t\t\t\t\t\t\t\t<\/div>\n\t\t\t\t\t<\/div>\n\t\t\t\t<\/div>\n\t\t\t\t<\/div>\n\t\t","protected":false},"excerpt":{"rendered":"<p>\u00c0 Produrable 2025, entreprises et penseurs interrogent le sens du progr\u00e8s durable et le r\u00f4le de la CSRD dans la transformation responsable.<\/p>\n","protected":false},"author":32,"featured_media":17541,"comment_status":"open","ping_status":"open","sticky":false,"template":"","format":"standard","meta":{"_acf_changed":false,"content-type":"","inline_featured_image":false,"footnotes":""},"categories":[173],"tags":[],"class_list":["post-17501","post","type-post","status-publish","format-standard","has-post-thumbnail","hentry","category-esg-durabilite"],"acf":[],"yoast_head":"<!-- This site is optimized with the Yoast SEO plugin v27.4 - https:\/\/yoast.com\/product\/yoast-seo-wordpress\/ -->\n<title>Produrable 2025 : progr\u00e8s, h\u00e9ritage et durabilit\u00e9, les entreprises en premi\u00e8re ligne | Labrador Transparency<\/title>\n<meta name=\"description\" content=\"\u00c0 Produrable 2025, entreprises et penseurs interrogent le sens du progr\u00e8s durable et le r\u00f4le de la CSRD dans la transformation responsable.\" \/>\n<meta name=\"robots\" content=\"index, follow, max-snippet:-1, max-image-preview:large, max-video-preview:-1\" \/>\n<link rel=\"canonical\" href=\"https:\/\/www.labrador-transparency.com\/fr\/blog\/produrable-2025-progres-heritage-et-durabilite-les-entreprises-en-premiere-ligne\/\" \/>\n<meta property=\"og:locale\" content=\"fr_FR\" \/>\n<meta property=\"og:type\" content=\"article\" \/>\n<meta property=\"og:title\" content=\"Produrable 2025 : progr\u00e8s, h\u00e9ritage et durabilit\u00e9, les entreprises en premi\u00e8re ligne | Labrador Transparency\" \/>\n<meta property=\"og:description\" content=\"\u00c0 Produrable 2025, entreprises et penseurs interrogent le sens du progr\u00e8s durable et le r\u00f4le de la CSRD dans la transformation responsable.\" \/>\n<meta property=\"og:url\" content=\"https:\/\/www.labrador-transparency.com\/fr\/blog\/produrable-2025-progres-heritage-et-durabilite-les-entreprises-en-premiere-ligne\/\" \/>\n<meta property=\"og:site_name\" content=\"Labrador Transparency\" \/>\n<meta property=\"article:published_time\" content=\"2025-10-23T07:27:58+00:00\" \/>\n<meta property=\"article:modified_time\" content=\"2025-11-13T15:32:46+00:00\" \/>\n<meta property=\"og:image\" content=\"https:\/\/www.labrador-transparency.com\/wp-content\/uploads\/2025\/10\/Produrable-image-conference-1-1024x329.png\" \/>\n\t<meta property=\"og:image:width\" content=\"1024\" \/>\n\t<meta property=\"og:image:height\" content=\"329\" \/>\n\t<meta property=\"og:image:type\" content=\"image\/png\" \/>\n<meta name=\"author\" content=\"Eve Bousseau\" \/>\n<meta name=\"twitter:card\" content=\"summary_large_image\" \/>\n<meta name=\"twitter:label1\" content=\"\u00c9crit par\" \/>\n\t<meta name=\"twitter:data1\" content=\"Eve Bousseau\" \/>\n\t<meta name=\"twitter:label2\" content=\"Dur\u00e9e de lecture estim\u00e9e\" \/>\n\t<meta name=\"twitter:data2\" content=\"5 minutes\" \/>\n<script type=\"application\/ld+json\" class=\"yoast-schema-graph\">{\"@context\":\"https:\\\/\\\/schema.org\",\"@graph\":[{\"@type\":\"Article\",\"@id\":\"https:\\\/\\\/www.labrador-transparency.com\\\/fr\\\/blog\\\/produrable-2025-progres-heritage-et-durabilite-les-entreprises-en-premiere-ligne\\\/#article\",\"isPartOf\":{\"@id\":\"https:\\\/\\\/www.labrador-transparency.com\\\/fr\\\/blog\\\/produrable-2025-progres-heritage-et-durabilite-les-entreprises-en-premiere-ligne\\\/\"},\"author\":{\"name\":\"Eve Bousseau\",\"@id\":\"https:\\\/\\\/www.labrador-transparency.com\\\/fr\\\/#\\\/schema\\\/person\\\/3c43b8fc0404ce86d9a7d06964af66f9\"},\"headline\":\"Produrable 2025 : progr\u00e8s, h\u00e9ritage et durabilit\u00e9, les entreprises en premi\u00e8re ligne\",\"datePublished\":\"2025-10-23T07:27:58+00:00\",\"dateModified\":\"2025-11-13T15:32:46+00:00\",\"mainEntityOfPage\":{\"@id\":\"https:\\\/\\\/www.labrador-transparency.com\\\/fr\\\/blog\\\/produrable-2025-progres-heritage-et-durabilite-les-entreprises-en-premiere-ligne\\\/\"},\"wordCount\":990,\"commentCount\":0,\"publisher\":{\"@id\":\"https:\\\/\\\/www.labrador-transparency.com\\\/fr\\\/#organization\"},\"image\":{\"@id\":\"https:\\\/\\\/www.labrador-transparency.com\\\/fr\\\/blog\\\/produrable-2025-progres-heritage-et-durabilite-les-entreprises-en-premiere-ligne\\\/#primaryimage\"},\"thumbnailUrl\":\"https:\\\/\\\/www.labrador-transparency.com\\\/wp-content\\\/uploads\\\/2025\\\/10\\\/Produrable-image-conference-1.png\",\"articleSection\":[\"ESG &amp; Durabilit\u00e9\"],\"inLanguage\":\"fr-FR\",\"potentialAction\":[{\"@type\":\"CommentAction\",\"name\":\"Comment\",\"target\":[\"https:\\\/\\\/www.labrador-transparency.com\\\/fr\\\/blog\\\/produrable-2025-progres-heritage-et-durabilite-les-entreprises-en-premiere-ligne\\\/#respond\"]}]},{\"@type\":\"WebPage\",\"@id\":\"https:\\\/\\\/www.labrador-transparency.com\\\/fr\\\/blog\\\/produrable-2025-progres-heritage-et-durabilite-les-entreprises-en-premiere-ligne\\\/\",\"url\":\"https:\\\/\\\/www.labrador-transparency.com\\\/fr\\\/blog\\\/produrable-2025-progres-heritage-et-durabilite-les-entreprises-en-premiere-ligne\\\/\",\"name\":\"Produrable 2025 : progr\u00e8s, h\u00e9ritage et durabilit\u00e9, les entreprises en premi\u00e8re ligne | Labrador Transparency\",\"isPartOf\":{\"@id\":\"https:\\\/\\\/www.labrador-transparency.com\\\/fr\\\/#website\"},\"primaryImageOfPage\":{\"@id\":\"https:\\\/\\\/www.labrador-transparency.com\\\/fr\\\/blog\\\/produrable-2025-progres-heritage-et-durabilite-les-entreprises-en-premiere-ligne\\\/#primaryimage\"},\"image\":{\"@id\":\"https:\\\/\\\/www.labrador-transparency.com\\\/fr\\\/blog\\\/produrable-2025-progres-heritage-et-durabilite-les-entreprises-en-premiere-ligne\\\/#primaryimage\"},\"thumbnailUrl\":\"https:\\\/\\\/www.labrador-transparency.com\\\/wp-content\\\/uploads\\\/2025\\\/10\\\/Produrable-image-conference-1.png\",\"datePublished\":\"2025-10-23T07:27:58+00:00\",\"dateModified\":\"2025-11-13T15:32:46+00:00\",\"description\":\"\u00c0 Produrable 2025, entreprises et penseurs interrogent le sens du progr\u00e8s durable et le r\u00f4le de la CSRD dans la transformation responsable.\",\"breadcrumb\":{\"@id\":\"https:\\\/\\\/www.labrador-transparency.com\\\/fr\\\/blog\\\/produrable-2025-progres-heritage-et-durabilite-les-entreprises-en-premiere-ligne\\\/#breadcrumb\"},\"inLanguage\":\"fr-FR\",\"potentialAction\":[{\"@type\":\"ReadAction\",\"target\":[\"https:\\\/\\\/www.labrador-transparency.com\\\/fr\\\/blog\\\/produrable-2025-progres-heritage-et-durabilite-les-entreprises-en-premiere-ligne\\\/\"]}]},{\"@type\":\"ImageObject\",\"inLanguage\":\"fr-FR\",\"@id\":\"https:\\\/\\\/www.labrador-transparency.com\\\/fr\\\/blog\\\/produrable-2025-progres-heritage-et-durabilite-les-entreprises-en-premiere-ligne\\\/#primaryimage\",\"url\":\"https:\\\/\\\/www.labrador-transparency.com\\\/wp-content\\\/uploads\\\/2025\\\/10\\\/Produrable-image-conference-1.png\",\"contentUrl\":\"https:\\\/\\\/www.labrador-transparency.com\\\/wp-content\\\/uploads\\\/2025\\\/10\\\/Produrable-image-conference-1.png\",\"width\":2240,\"height\":720,\"caption\":\"Produrable image confe\u0301rence\"},{\"@type\":\"BreadcrumbList\",\"@id\":\"https:\\\/\\\/www.labrador-transparency.com\\\/fr\\\/blog\\\/produrable-2025-progres-heritage-et-durabilite-les-entreprises-en-premiere-ligne\\\/#breadcrumb\",\"itemListElement\":[{\"@type\":\"ListItem\",\"position\":1,\"name\":\"Home\",\"item\":\"https:\\\/\\\/www.labrador-transparency.com\\\/fr\\\/\"},{\"@type\":\"ListItem\",\"position\":2,\"name\":\"Produrable 2025 : progr\u00e8s, h\u00e9ritage et durabilit\u00e9, les entreprises en premi\u00e8re ligne\"}]},{\"@type\":\"WebSite\",\"@id\":\"https:\\\/\\\/www.labrador-transparency.com\\\/fr\\\/#website\",\"url\":\"https:\\\/\\\/www.labrador-transparency.com\\\/fr\\\/\",\"name\":\"Labrador Transparency\",\"description\":\"\",\"publisher\":{\"@id\":\"https:\\\/\\\/www.labrador-transparency.com\\\/fr\\\/#organization\"},\"potentialAction\":[{\"@type\":\"SearchAction\",\"target\":{\"@type\":\"EntryPoint\",\"urlTemplate\":\"https:\\\/\\\/www.labrador-transparency.com\\\/fr\\\/?s={search_term_string}\"},\"query-input\":{\"@type\":\"PropertyValueSpecification\",\"valueRequired\":true,\"valueName\":\"search_term_string\"}}],\"inLanguage\":\"fr-FR\"},{\"@type\":\"Organization\",\"@id\":\"https:\\\/\\\/www.labrador-transparency.com\\\/fr\\\/#organization\",\"name\":\"Labrador\",\"url\":\"https:\\\/\\\/www.labrador-transparency.com\\\/fr\\\/\",\"logo\":{\"@type\":\"ImageObject\",\"inLanguage\":\"fr-FR\",\"@id\":\"https:\\\/\\\/www.labrador-transparency.com\\\/fr\\\/#\\\/schema\\\/logo\\\/image\\\/\",\"url\":\"https:\\\/\\\/www.labrador-transparency.com\\\/wp-content\\\/uploads\\\/2021\\\/11\\\/logo-r1.svg\",\"contentUrl\":\"https:\\\/\\\/www.labrador-transparency.com\\\/wp-content\\\/uploads\\\/2021\\\/11\\\/logo-r1.svg\",\"width\":304,\"height\":60,\"caption\":\"Labrador\"},\"image\":{\"@id\":\"https:\\\/\\\/www.labrador-transparency.com\\\/fr\\\/#\\\/schema\\\/logo\\\/image\\\/\"}},{\"@type\":\"Person\",\"@id\":\"https:\\\/\\\/www.labrador-transparency.com\\\/fr\\\/#\\\/schema\\\/person\\\/3c43b8fc0404ce86d9a7d06964af66f9\",\"name\":\"Eve Bousseau\",\"image\":{\"@type\":\"ImageObject\",\"inLanguage\":\"fr-FR\",\"@id\":\"https:\\\/\\\/secure.gravatar.com\\\/avatar\\\/d44538eab1225681b26c4a00072ed14c8fb8ce25165ff1c28266a374e5092c8f?s=96&d=mm&r=g\",\"url\":\"https:\\\/\\\/secure.gravatar.com\\\/avatar\\\/d44538eab1225681b26c4a00072ed14c8fb8ce25165ff1c28266a374e5092c8f?s=96&d=mm&r=g\",\"contentUrl\":\"https:\\\/\\\/secure.gravatar.com\\\/avatar\\\/d44538eab1225681b26c4a00072ed14c8fb8ce25165ff1c28266a374e5092c8f?s=96&d=mm&r=g\",\"caption\":\"Eve Bousseau\"}}]}<\/script>\n<!-- \/ Yoast SEO plugin. -->","yoast_head_json":{"title":"Produrable 2025 : progr\u00e8s, h\u00e9ritage et durabilit\u00e9, les entreprises en premi\u00e8re ligne | Labrador Transparency","description":"\u00c0 Produrable 2025, entreprises et penseurs interrogent le sens du progr\u00e8s durable et le r\u00f4le de la CSRD dans la transformation responsable.","robots":{"index":"index","follow":"follow","max-snippet":"max-snippet:-1","max-image-preview":"max-image-preview:large","max-video-preview":"max-video-preview:-1"},"canonical":"https:\/\/www.labrador-transparency.com\/fr\/blog\/produrable-2025-progres-heritage-et-durabilite-les-entreprises-en-premiere-ligne\/","og_locale":"fr_FR","og_type":"article","og_title":"Produrable 2025 : progr\u00e8s, h\u00e9ritage et durabilit\u00e9, les entreprises en premi\u00e8re ligne | Labrador Transparency","og_description":"\u00c0 Produrable 2025, entreprises et penseurs interrogent le sens du progr\u00e8s durable et le r\u00f4le de la CSRD dans la transformation responsable.","og_url":"https:\/\/www.labrador-transparency.com\/fr\/blog\/produrable-2025-progres-heritage-et-durabilite-les-entreprises-en-premiere-ligne\/","og_site_name":"Labrador Transparency","article_published_time":"2025-10-23T07:27:58+00:00","article_modified_time":"2025-11-13T15:32:46+00:00","og_image":[{"width":1024,"height":329,"url":"https:\/\/www.labrador-transparency.com\/wp-content\/uploads\/2025\/10\/Produrable-image-conference-1-1024x329.png","type":"image\/png"}],"author":"Eve Bousseau","twitter_card":"summary_large_image","twitter_misc":{"\u00c9crit par":"Eve Bousseau","Dur\u00e9e de lecture estim\u00e9e":"5 minutes"},"schema":{"@context":"https:\/\/schema.org","@graph":[{"@type":"Article","@id":"https:\/\/www.labrador-transparency.com\/fr\/blog\/produrable-2025-progres-heritage-et-durabilite-les-entreprises-en-premiere-ligne\/#article","isPartOf":{"@id":"https:\/\/www.labrador-transparency.com\/fr\/blog\/produrable-2025-progres-heritage-et-durabilite-les-entreprises-en-premiere-ligne\/"},"author":{"name":"Eve Bousseau","@id":"https:\/\/www.labrador-transparency.com\/fr\/#\/schema\/person\/3c43b8fc0404ce86d9a7d06964af66f9"},"headline":"Produrable 2025 : progr\u00e8s, h\u00e9ritage et durabilit\u00e9, les entreprises en premi\u00e8re ligne","datePublished":"2025-10-23T07:27:58+00:00","dateModified":"2025-11-13T15:32:46+00:00","mainEntityOfPage":{"@id":"https:\/\/www.labrador-transparency.com\/fr\/blog\/produrable-2025-progres-heritage-et-durabilite-les-entreprises-en-premiere-ligne\/"},"wordCount":990,"commentCount":0,"publisher":{"@id":"https:\/\/www.labrador-transparency.com\/fr\/#organization"},"image":{"@id":"https:\/\/www.labrador-transparency.com\/fr\/blog\/produrable-2025-progres-heritage-et-durabilite-les-entreprises-en-premiere-ligne\/#primaryimage"},"thumbnailUrl":"https:\/\/www.labrador-transparency.com\/wp-content\/uploads\/2025\/10\/Produrable-image-conference-1.png","articleSection":["ESG &amp; Durabilit\u00e9"],"inLanguage":"fr-FR","potentialAction":[{"@type":"CommentAction","name":"Comment","target":["https:\/\/www.labrador-transparency.com\/fr\/blog\/produrable-2025-progres-heritage-et-durabilite-les-entreprises-en-premiere-ligne\/#respond"]}]},{"@type":"WebPage","@id":"https:\/\/www.labrador-transparency.com\/fr\/blog\/produrable-2025-progres-heritage-et-durabilite-les-entreprises-en-premiere-ligne\/","url":"https:\/\/www.labrador-transparency.com\/fr\/blog\/produrable-2025-progres-heritage-et-durabilite-les-entreprises-en-premiere-ligne\/","name":"Produrable 2025 : progr\u00e8s, h\u00e9ritage et durabilit\u00e9, les entreprises en premi\u00e8re ligne | Labrador Transparency","isPartOf":{"@id":"https:\/\/www.labrador-transparency.com\/fr\/#website"},"primaryImageOfPage":{"@id":"https:\/\/www.labrador-transparency.com\/fr\/blog\/produrable-2025-progres-heritage-et-durabilite-les-entreprises-en-premiere-ligne\/#primaryimage"},"image":{"@id":"https:\/\/www.labrador-transparency.com\/fr\/blog\/produrable-2025-progres-heritage-et-durabilite-les-entreprises-en-premiere-ligne\/#primaryimage"},"thumbnailUrl":"https:\/\/www.labrador-transparency.com\/wp-content\/uploads\/2025\/10\/Produrable-image-conference-1.png","datePublished":"2025-10-23T07:27:58+00:00","dateModified":"2025-11-13T15:32:46+00:00","description":"\u00c0 Produrable 2025, entreprises et penseurs interrogent le sens du progr\u00e8s durable et le r\u00f4le de la CSRD dans la transformation responsable.","breadcrumb":{"@id":"https:\/\/www.labrador-transparency.com\/fr\/blog\/produrable-2025-progres-heritage-et-durabilite-les-entreprises-en-premiere-ligne\/#breadcrumb"},"inLanguage":"fr-FR","potentialAction":[{"@type":"ReadAction","target":["https:\/\/www.labrador-transparency.com\/fr\/blog\/produrable-2025-progres-heritage-et-durabilite-les-entreprises-en-premiere-ligne\/"]}]},{"@type":"ImageObject","inLanguage":"fr-FR","@id":"https:\/\/www.labrador-transparency.com\/fr\/blog\/produrable-2025-progres-heritage-et-durabilite-les-entreprises-en-premiere-ligne\/#primaryimage","url":"https:\/\/www.labrador-transparency.com\/wp-content\/uploads\/2025\/10\/Produrable-image-conference-1.png","contentUrl":"https:\/\/www.labrador-transparency.com\/wp-content\/uploads\/2025\/10\/Produrable-image-conference-1.png","width":2240,"height":720,"caption":"Produrable image confe\u0301rence"},{"@type":"BreadcrumbList","@id":"https:\/\/www.labrador-transparency.com\/fr\/blog\/produrable-2025-progres-heritage-et-durabilite-les-entreprises-en-premiere-ligne\/#breadcrumb","itemListElement":[{"@type":"ListItem","position":1,"name":"Home","item":"https:\/\/www.labrador-transparency.com\/fr\/"},{"@type":"ListItem","position":2,"name":"Produrable 2025 : progr\u00e8s, h\u00e9ritage et durabilit\u00e9, les entreprises en premi\u00e8re ligne"}]},{"@type":"WebSite","@id":"https:\/\/www.labrador-transparency.com\/fr\/#website","url":"https:\/\/www.labrador-transparency.com\/fr\/","name":"Labrador Transparency","description":"","publisher":{"@id":"https:\/\/www.labrador-transparency.com\/fr\/#organization"},"potentialAction":[{"@type":"SearchAction","target":{"@type":"EntryPoint","urlTemplate":"https:\/\/www.labrador-transparency.com\/fr\/?s={search_term_string}"},"query-input":{"@type":"PropertyValueSpecification","valueRequired":true,"valueName":"search_term_string"}}],"inLanguage":"fr-FR"},{"@type":"Organization","@id":"https:\/\/www.labrador-transparency.com\/fr\/#organization","name":"Labrador","url":"https:\/\/www.labrador-transparency.com\/fr\/","logo":{"@type":"ImageObject","inLanguage":"fr-FR","@id":"https:\/\/www.labrador-transparency.com\/fr\/#\/schema\/logo\/image\/","url":"https:\/\/www.labrador-transparency.com\/wp-content\/uploads\/2021\/11\/logo-r1.svg","contentUrl":"https:\/\/www.labrador-transparency.com\/wp-content\/uploads\/2021\/11\/logo-r1.svg","width":304,"height":60,"caption":"Labrador"},"image":{"@id":"https:\/\/www.labrador-transparency.com\/fr\/#\/schema\/logo\/image\/"}},{"@type":"Person","@id":"https:\/\/www.labrador-transparency.com\/fr\/#\/schema\/person\/3c43b8fc0404ce86d9a7d06964af66f9","name":"Eve Bousseau","image":{"@type":"ImageObject","inLanguage":"fr-FR","@id":"https:\/\/secure.gravatar.com\/avatar\/d44538eab1225681b26c4a00072ed14c8fb8ce25165ff1c28266a374e5092c8f?s=96&d=mm&r=g","url":"https:\/\/secure.gravatar.com\/avatar\/d44538eab1225681b26c4a00072ed14c8fb8ce25165ff1c28266a374e5092c8f?s=96&d=mm&r=g","contentUrl":"https:\/\/secure.gravatar.com\/avatar\/d44538eab1225681b26c4a00072ed14c8fb8ce25165ff1c28266a374e5092c8f?s=96&d=mm&r=g","caption":"Eve Bousseau"}}]}},"publishpress_future_action":{"enabled":false,"date":"2026-05-06 19:37:39","action":"change-status","newStatus":"draft","terms":[],"taxonomy":"category","extraData":[]},"publishpress_future_workflow_manual_trigger":{"enabledWorkflows":[]},"_links":{"self":[{"href":"https:\/\/www.labrador-transparency.com\/fr\/wp-json\/wp\/v2\/posts\/17501","targetHints":{"allow":["GET"]}}],"collection":[{"href":"https:\/\/www.labrador-transparency.com\/fr\/wp-json\/wp\/v2\/posts"}],"about":[{"href":"https:\/\/www.labrador-transparency.com\/fr\/wp-json\/wp\/v2\/types\/post"}],"author":[{"embeddable":true,"href":"https:\/\/www.labrador-transparency.com\/fr\/wp-json\/wp\/v2\/users\/32"}],"replies":[{"embeddable":true,"href":"https:\/\/www.labrador-transparency.com\/fr\/wp-json\/wp\/v2\/comments?post=17501"}],"version-history":[{"count":0,"href":"https:\/\/www.labrador-transparency.com\/fr\/wp-json\/wp\/v2\/posts\/17501\/revisions"}],"wp:featuredmedia":[{"embeddable":true,"href":"https:\/\/www.labrador-transparency.com\/fr\/wp-json\/wp\/v2\/media\/17541"}],"wp:attachment":[{"href":"https:\/\/www.labrador-transparency.com\/fr\/wp-json\/wp\/v2\/media?parent=17501"}],"wp:term":[{"taxonomy":"category","embeddable":true,"href":"https:\/\/www.labrador-transparency.com\/fr\/wp-json\/wp\/v2\/categories?post=17501"},{"taxonomy":"post_tag","embeddable":true,"href":"https:\/\/www.labrador-transparency.com\/fr\/wp-json\/wp\/v2\/tags?post=17501"}],"curies":[{"name":"wp","href":"https:\/\/api.w.org\/{rel}","templated":true}]}}