{"id":8742,"date":"2021-11-04T00:00:00","date_gmt":"2021-11-04T05:00:00","guid":{"rendered":"https:\/\/www.labrador-transparency.com\/blog\/les-remunerations-et-le-climat-sur-le-grill-des-assemblees-generales-2022\/"},"modified":"2025-10-16T12:58:25","modified_gmt":"2025-10-16T11:58:25","slug":"les-remunerations-et-le-climat-sur-le-grill-des-assemblees-generales-2022","status":"publish","type":"post","link":"https:\/\/www.labrador-transparency.com\/fr\/blog\/les-remunerations-et-le-climat-sur-le-grill-des-assemblees-generales-2022\/","title":{"rendered":"Les r\u00e9mun\u00e9rations et le climat sur le grill des Assembl\u00e9es G\u00e9n\u00e9rales 2022"},"content":{"rendered":"\n<p><em>Jeudi 04\/11\/2021<\/em><\/p>\n\n\n\n<p><strong><em>Vous venez de publier&nbsp;votre rapport annuel sur les assembl\u00e9es g\u00e9n\u00e9rales 2021&nbsp;qui permet de faire remonter les principales tendances en Europe et de donner le ton de la cuv\u00e9e 2022. R\u00e9mun\u00e9rations des dirigeants, climat, les grands th\u00e8mes se dessinent. Les attentes des investisseurs sont de plus en plus fortes. Les \u00e9metteurs doivent redoubler leurs efforts de clart\u00e9.<\/em><\/strong><\/p>\n\n\n\n<p><strong>Entretien avec <a href=\"https:\/\/www.linkedin.com\/in\/davidchaselopes\/\" target=\"_blank\" rel=\"noreferrer noopener\">David Chase Lopes<\/a>, D.F. King Ltd, Managing Director EMEA<\/strong><\/p>\n\n\n\n<ul class=\"wp-block-list\">\n<li><strong>La r\u00e9mun\u00e9ration des dirigeants demeure encore en t\u00eate des pr\u00e9occupations&nbsp;?<\/strong><\/li>\n<\/ul>\n\n\n\n<p>Il y a fort \u00e0 parier que les r\u00e9mun\u00e9rations des dirigeants resteront un des temps forts des assembl\u00e9es g\u00e9n\u00e9rales 2022.&nbsp; En 2021, nous avons observ\u00e9 que les rapports de r\u00e9mun\u00e9rations ex-post ont \u00e9t\u00e9 approuv\u00e9s aux alentours de 88 % en moyenne, soit une baisse de 2 %, passant sous la barre des 90 %. Dis autrement, dans bons nombres de cas, la r\u00e9mun\u00e9ration des dirigeants vers\u00e9e pour l\u2019exercice 2020, a \u00e9t\u00e9 approuv\u00e9e \u00e0 moins de 80 %. Les entreprises concern\u00e9es, et elles sont nombreuses, ont tout int\u00e9r\u00eat \u00e0 soigner leur communication pour l\u2019ann\u00e9e qui vient, avec des pr\u00e9sentations claires et d\u00e9taill\u00e9es pour expliquer les deux faces de la r\u00e9mun\u00e9ration (ex-post et ex-ante). Leurs conseils ayant bien int\u00e9gr\u00e9 les r\u00e9sultats obtenus cette ann\u00e9e.<\/p>\n\n\n\n<blockquote class=\"wp-block-quote is-layout-flow wp-block-quote-is-layout-flow\">\n<p><em>Les investisseurs ont \u00e9t\u00e9 sensibles \u00e0 la stabilit\u00e9 et \u00e0 la clart\u00e9 des objectifs.<\/em><\/p>\n<\/blockquote>\n\n\n\n<p>On constate que les meilleurs \u00e9l\u00e8ves (+ de 90 %) sont ceux qui, dans la temp\u00eate Covid, ont maintenu leurs objectifs ou ont revu leurs crit\u00e8res de variables apr\u00e8s le 1er&nbsp;trimestre. Les mandataires se sont alors retrouv\u00e9s sans bonus ou vu leurs variables chuter en d\u00e9but d\u2019ann\u00e9e avant de se rattraper par la suite. Quoi qu\u2019il en soit, les investisseurs ont \u00e9t\u00e9 sensibles \u00e0 la stabilit\u00e9 et \u00e0 la clart\u00e9 des objectifs. Il en sera de m\u00eame pour 2022 !<\/p>\n\n\n\n<ul class=\"wp-block-list\">\n<li><strong>Le climat sera aussi un autre grand sujet.<\/strong><\/li>\n<\/ul>\n\n\n\n<p>A l\u2019heure de la COP 26 \u00e0 Glasgow, le climat sera effectivement un sujet de grande attention de la part des investisseurs. La pression est bien l\u00e0, \u00e0 l\u2019image du fonds activiste TCI qui milite depuis 2020 pour un \u00ab Say on Climate \u00bb apr\u00e8s le \u00ab Say on Pay \u00bb. Nous avons vu en 2021, l\u2019\u00e9mergence de ces r\u00e9solutions \u00ab Say on Climate \u00bb : 4 en France, 11 en Grande-Bretagne, ou encore 1 en Suisse. Il est essentiel que les conseils d\u2019administration prennent position clairement sur ce sujet.<\/p>\n\n\n\n<p>Un grand nombre d\u2019entreprise a d\u2019ores et d\u00e9j\u00e0 des strat\u00e9gies RSE bien \u00e9tablies, avec la dimension environnementale, et des consid\u00e9rations soci\u00e9tales et de gouvernance. Les conseils d\u2019administration sont aujourd\u2019hui g\u00e9n\u00e9ralement en phase avec les attentes de l\u2019ensemble des parties prenantes pour une soci\u00e9t\u00e9 plus inclusive, tout en demeurant tr\u00e8s attach\u00e9s \u00e0 la rentabilit\u00e9. Il ne faudrait pas, en effet, se tromper de bataille. Il faut continuer \u00e0 cr\u00e9er de la valeur sur les moyen et long terme. C\u2019est la meilleure fa\u00e7on de se prot\u00e9ger des activistes !<\/p>\n\n\n\n<blockquote class=\"wp-block-quote is-layout-flow wp-block-quote-is-layout-flow\">\n<p><em>Sur la d\u00e9marche RSE, la France, avec sa vision plus holistique en la mati\u00e8re, est clairement en avance.<\/em><\/p>\n<\/blockquote>\n\n\n\n<p>C\u2019est l\u2019effet COP 21, il y a cinq ans, mais aussi celui de la loi Cop\u00e9 Zimmermann avec les quotas de femmes dans les conseils, il y a 10 ans maintenant. La France a aussi beaucoup avanc\u00e9 sur la repr\u00e9sentation des salari\u00e9s dans les conseils, sur l\u2019\u00e9quit\u00e9 dans les r\u00e9mun\u00e9rations, ou encore sur la raison d\u2019\u00eatre des entreprises. Autant de sujets d\u00e9j\u00e0 bien pr\u00e9sents avant m\u00eame la pand\u00e9mie.<\/p>\n\n\n\n<ul class=\"wp-block-list\">\n<li><strong>Quelles formes prendront les Assembl\u00e9es g\u00e9n\u00e9rales en 2022 ? Virtuelles, physiques, hybrides ?<\/strong><\/li>\n<\/ul>\n\n\n\n<p>Le huis clos de 2020 fut d\u00e9cid\u00e9 dans une situation exceptionnelle. On l\u2019oublie vite. Nous \u00e9tions en mars et juin, sans vaccin et dans des confinements lourds. Il \u00e9tait difficile de faire plus. En 2021, ce fut un d\u00e9but de retour \u00e0 la normale. En France, nous constatons un quorum toujours en hausse \u00e0 un niveau record de 77 % pour le SBF 120, contre 73 % en Grande-Bretagne, 65 % en Allemagne, 64 % en Suisse ou encore 60 % en Belgique.<\/p>\n\n\n\n<p><em>A lire aussi : <a href=\"https:\/\/www.labrador-transparency.com\/ca-coince\/ag-il-va-falloir-revenir-au-presentiel\/\" target=\"_blank\" rel=\"noreferrer noopener\">AG, il va falloir revenir en pr\u00e9sentiel&nbsp;<\/a><\/em><\/p>\n\n\n\n<p>On peut dire que la France conserve cette vision sacr\u00e9e de ce rassemblement, de cette grand-messe qui place les dirigeants face \u00e0 leurs actionnaires et investisseurs. Les votes sont suivis de pr\u00e8s, des drames peuvent se jouer, des prises de paroles sont tr\u00e8s attendues et les activistes rodent.<\/p>\n\n\n\n<p><em>Propos recueillis par Be\u00f1at Caujolle<\/em><\/p>\n\n\n\n<p><em>Pour aller plus loin : T\u00e9l\u00e9charger notre \u00e9tude : <a href=\"https:\/\/www.labrador-transparency.com\/etudes-publications\/etude-assembles-generales-2021-dialogue-actionnarial-et-information-des-actionnaires\/\" target=\"_blank\" rel=\"noreferrer noopener\">\u00ab&nbsp;Assembles g\u00e9n\u00e9rales 2021 : dialogue actionnarial&nbsp;\u00bb<\/a><\/em><\/p>\n\n\n\n<p><em>Pour toute question ou demande de renseignements, contactez-nous : labradorleblog@labrador-company.com<\/em><\/p>\n","protected":false},"excerpt":{"rendered":"<p>Jeudi 04\/11\/2021 Vous venez de publier&nbsp;votre rapport annuel sur les assembl\u00e9es g\u00e9n\u00e9rales 2021&nbsp;qui permet de faire remonter les principales tendances en Europe et de donner le ton de la cuv\u00e9e 2022. R\u00e9mun\u00e9rations des dirigeants, climat, les grands th\u00e8mes se dessinent. Les attentes des investisseurs sont de plus en plus fortes. Les \u00e9metteurs doivent redoubler leurs [&hellip;]<\/p>\n","protected":false},"author":27,"featured_media":8743,"comment_status":"open","ping_status":"open","sticky":false,"template":"","format":"standard","meta":{"_acf_changed":false,"content-type":"","inline_featured_image":false,"footnotes":""},"categories":[114],"tags":[],"class_list":["post-8742","post","type-post","status-publish","format-standard","has-post-thumbnail","hentry","category-evenements-financiers"],"acf":[],"yoast_head":"<!-- This site is optimized with the Yoast SEO plugin v27.4 - https:\/\/yoast.com\/product\/yoast-seo-wordpress\/ -->\n<title>Les r\u00e9mun\u00e9rations et le climat sur le grill des Assembl\u00e9es G\u00e9n\u00e9rales 2022 | Labrador Transparency<\/title>\n<meta name=\"description\" content=\"R\u00e9mun\u00e9rations des dirigeants, climat, es attentes des investisseurs sont de plus en plus fortes sur ces sujet...\" \/>\n<meta name=\"robots\" content=\"index, follow, max-snippet:-1, max-image-preview:large, max-video-preview:-1\" \/>\n<link rel=\"canonical\" href=\"https:\/\/www.labrador-transparency.com\/fr\/blog\/les-remunerations-et-le-climat-sur-le-grill-des-assemblees-generales-2022\/\" \/>\n<meta property=\"og:locale\" content=\"fr_FR\" \/>\n<meta property=\"og:type\" content=\"article\" \/>\n<meta property=\"og:title\" content=\"Les r\u00e9mun\u00e9rations et le climat sur le grill des Assembl\u00e9es G\u00e9n\u00e9rales 2022 | Labrador Transparency\" \/>\n<meta property=\"og:description\" content=\"R\u00e9mun\u00e9rations des dirigeants, climat, es attentes des investisseurs sont de plus en plus fortes sur ces sujet...\" \/>\n<meta property=\"og:url\" content=\"https:\/\/www.labrador-transparency.com\/fr\/blog\/les-remunerations-et-le-climat-sur-le-grill-des-assemblees-generales-2022\/\" \/>\n<meta property=\"og:site_name\" content=\"Labrador Transparency\" \/>\n<meta property=\"article:published_time\" content=\"2021-11-04T05:00:00+00:00\" \/>\n<meta property=\"article:modified_time\" content=\"2025-10-16T11:58:25+00:00\" \/>\n<meta property=\"og:image\" content=\"https:\/\/www.labrador-transparency.com\/wp-content\/uploads\/2025\/05\/Les-remunerations-et-le-climat-sur-le-grill-des-Assemblees-Generales-2022-2.png\" \/>\n\t<meta property=\"og:image:width\" content=\"900\" \/>\n\t<meta property=\"og:image:height\" content=\"400\" \/>\n\t<meta property=\"og:image:type\" content=\"image\/png\" \/>\n<meta name=\"author\" content=\"cmiranda\" \/>\n<meta name=\"twitter:card\" content=\"summary_large_image\" \/>\n<meta name=\"twitter:label1\" content=\"\u00c9crit par\" \/>\n\t<meta name=\"twitter:data1\" content=\"cmiranda\" \/>\n\t<meta name=\"twitter:label2\" content=\"Dur\u00e9e de lecture estim\u00e9e\" \/>\n\t<meta name=\"twitter:data2\" content=\"4 minutes\" \/>\n<script type=\"application\/ld+json\" class=\"yoast-schema-graph\">{\"@context\":\"https:\\\/\\\/schema.org\",\"@graph\":[{\"@type\":\"Article\",\"@id\":\"https:\\\/\\\/www.labrador-transparency.com\\\/fr\\\/blog\\\/les-remunerations-et-le-climat-sur-le-grill-des-assemblees-generales-2022\\\/#article\",\"isPartOf\":{\"@id\":\"https:\\\/\\\/www.labrador-transparency.com\\\/fr\\\/blog\\\/les-remunerations-et-le-climat-sur-le-grill-des-assemblees-generales-2022\\\/\"},\"author\":{\"name\":\"cmiranda\",\"@id\":\"https:\\\/\\\/www.labrador-transparency.com\\\/fr\\\/#\\\/schema\\\/person\\\/c70fb9545d548471daa42262a8adf60c\"},\"headline\":\"Les r\u00e9mun\u00e9rations et le climat sur le grill des Assembl\u00e9es G\u00e9n\u00e9rales 2022\",\"datePublished\":\"2021-11-04T05:00:00+00:00\",\"dateModified\":\"2025-10-16T11:58:25+00:00\",\"mainEntityOfPage\":{\"@id\":\"https:\\\/\\\/www.labrador-transparency.com\\\/fr\\\/blog\\\/les-remunerations-et-le-climat-sur-le-grill-des-assemblees-generales-2022\\\/\"},\"wordCount\":810,\"commentCount\":0,\"publisher\":{\"@id\":\"https:\\\/\\\/www.labrador-transparency.com\\\/fr\\\/#organization\"},\"image\":{\"@id\":\"https:\\\/\\\/www.labrador-transparency.com\\\/fr\\\/blog\\\/les-remunerations-et-le-climat-sur-le-grill-des-assemblees-generales-2022\\\/#primaryimage\"},\"thumbnailUrl\":\"https:\\\/\\\/www.labrador-transparency.com\\\/wp-content\\\/uploads\\\/2025\\\/05\\\/Les-remunerations-et-le-climat-sur-le-grill-des-Assemblees-Generales-2022-2.png\",\"articleSection\":[\"\u00c9v\u00e9nements financiers\"],\"inLanguage\":\"fr-FR\",\"potentialAction\":[{\"@type\":\"CommentAction\",\"name\":\"Comment\",\"target\":[\"https:\\\/\\\/www.labrador-transparency.com\\\/fr\\\/blog\\\/les-remunerations-et-le-climat-sur-le-grill-des-assemblees-generales-2022\\\/#respond\"]}]},{\"@type\":\"WebPage\",\"@id\":\"https:\\\/\\\/www.labrador-transparency.com\\\/fr\\\/blog\\\/les-remunerations-et-le-climat-sur-le-grill-des-assemblees-generales-2022\\\/\",\"url\":\"https:\\\/\\\/www.labrador-transparency.com\\\/fr\\\/blog\\\/les-remunerations-et-le-climat-sur-le-grill-des-assemblees-generales-2022\\\/\",\"name\":\"Les r\u00e9mun\u00e9rations et le climat sur le grill des Assembl\u00e9es G\u00e9n\u00e9rales 2022 | Labrador Transparency\",\"isPartOf\":{\"@id\":\"https:\\\/\\\/www.labrador-transparency.com\\\/fr\\\/#website\"},\"primaryImageOfPage\":{\"@id\":\"https:\\\/\\\/www.labrador-transparency.com\\\/fr\\\/blog\\\/les-remunerations-et-le-climat-sur-le-grill-des-assemblees-generales-2022\\\/#primaryimage\"},\"image\":{\"@id\":\"https:\\\/\\\/www.labrador-transparency.com\\\/fr\\\/blog\\\/les-remunerations-et-le-climat-sur-le-grill-des-assemblees-generales-2022\\\/#primaryimage\"},\"thumbnailUrl\":\"https:\\\/\\\/www.labrador-transparency.com\\\/wp-content\\\/uploads\\\/2025\\\/05\\\/Les-remunerations-et-le-climat-sur-le-grill-des-Assemblees-Generales-2022-2.png\",\"datePublished\":\"2021-11-04T05:00:00+00:00\",\"dateModified\":\"2025-10-16T11:58:25+00:00\",\"description\":\"R\u00e9mun\u00e9rations des dirigeants, climat, es attentes des investisseurs sont de plus en plus fortes sur ces sujet...\",\"breadcrumb\":{\"@id\":\"https:\\\/\\\/www.labrador-transparency.com\\\/fr\\\/blog\\\/les-remunerations-et-le-climat-sur-le-grill-des-assemblees-generales-2022\\\/#breadcrumb\"},\"inLanguage\":\"fr-FR\",\"potentialAction\":[{\"@type\":\"ReadAction\",\"target\":[\"https:\\\/\\\/www.labrador-transparency.com\\\/fr\\\/blog\\\/les-remunerations-et-le-climat-sur-le-grill-des-assemblees-generales-2022\\\/\"]}]},{\"@type\":\"ImageObject\",\"inLanguage\":\"fr-FR\",\"@id\":\"https:\\\/\\\/www.labrador-transparency.com\\\/fr\\\/blog\\\/les-remunerations-et-le-climat-sur-le-grill-des-assemblees-generales-2022\\\/#primaryimage\",\"url\":\"https:\\\/\\\/www.labrador-transparency.com\\\/wp-content\\\/uploads\\\/2025\\\/05\\\/Les-remunerations-et-le-climat-sur-le-grill-des-Assemblees-Generales-2022-2.png\",\"contentUrl\":\"https:\\\/\\\/www.labrador-transparency.com\\\/wp-content\\\/uploads\\\/2025\\\/05\\\/Les-remunerations-et-le-climat-sur-le-grill-des-Assemblees-Generales-2022-2.png\",\"width\":900,\"height\":400},{\"@type\":\"BreadcrumbList\",\"@id\":\"https:\\\/\\\/www.labrador-transparency.com\\\/fr\\\/blog\\\/les-remunerations-et-le-climat-sur-le-grill-des-assemblees-generales-2022\\\/#breadcrumb\",\"itemListElement\":[{\"@type\":\"ListItem\",\"position\":1,\"name\":\"Home\",\"item\":\"https:\\\/\\\/www.labrador-transparency.com\\\/fr\\\/\"},{\"@type\":\"ListItem\",\"position\":2,\"name\":\"Les r\u00e9mun\u00e9rations et le climat sur le grill des Assembl\u00e9es G\u00e9n\u00e9rales 2022\"}]},{\"@type\":\"WebSite\",\"@id\":\"https:\\\/\\\/www.labrador-transparency.com\\\/fr\\\/#website\",\"url\":\"https:\\\/\\\/www.labrador-transparency.com\\\/fr\\\/\",\"name\":\"Labrador Transparency\",\"description\":\"\",\"publisher\":{\"@id\":\"https:\\\/\\\/www.labrador-transparency.com\\\/fr\\\/#organization\"},\"potentialAction\":[{\"@type\":\"SearchAction\",\"target\":{\"@type\":\"EntryPoint\",\"urlTemplate\":\"https:\\\/\\\/www.labrador-transparency.com\\\/fr\\\/?s={search_term_string}\"},\"query-input\":{\"@type\":\"PropertyValueSpecification\",\"valueRequired\":true,\"valueName\":\"search_term_string\"}}],\"inLanguage\":\"fr-FR\"},{\"@type\":\"Organization\",\"@id\":\"https:\\\/\\\/www.labrador-transparency.com\\\/fr\\\/#organization\",\"name\":\"Labrador\",\"url\":\"https:\\\/\\\/www.labrador-transparency.com\\\/fr\\\/\",\"logo\":{\"@type\":\"ImageObject\",\"inLanguage\":\"fr-FR\",\"@id\":\"https:\\\/\\\/www.labrador-transparency.com\\\/fr\\\/#\\\/schema\\\/logo\\\/image\\\/\",\"url\":\"https:\\\/\\\/www.labrador-transparency.com\\\/wp-content\\\/uploads\\\/2021\\\/11\\\/logo-r1.svg\",\"contentUrl\":\"https:\\\/\\\/www.labrador-transparency.com\\\/wp-content\\\/uploads\\\/2021\\\/11\\\/logo-r1.svg\",\"width\":304,\"height\":60,\"caption\":\"Labrador\"},\"image\":{\"@id\":\"https:\\\/\\\/www.labrador-transparency.com\\\/fr\\\/#\\\/schema\\\/logo\\\/image\\\/\"}},{\"@type\":\"Person\",\"@id\":\"https:\\\/\\\/www.labrador-transparency.com\\\/fr\\\/#\\\/schema\\\/person\\\/c70fb9545d548471daa42262a8adf60c\",\"name\":\"cmiranda\",\"image\":{\"@type\":\"ImageObject\",\"inLanguage\":\"fr-FR\",\"@id\":\"https:\\\/\\\/secure.gravatar.com\\\/avatar\\\/0e622246deaf7594220adfd836097a3e7b62a64ea245e8ab20f91f4af52d4f80?s=96&d=mm&r=g\",\"url\":\"https:\\\/\\\/secure.gravatar.com\\\/avatar\\\/0e622246deaf7594220adfd836097a3e7b62a64ea245e8ab20f91f4af52d4f80?s=96&d=mm&r=g\",\"contentUrl\":\"https:\\\/\\\/secure.gravatar.com\\\/avatar\\\/0e622246deaf7594220adfd836097a3e7b62a64ea245e8ab20f91f4af52d4f80?s=96&d=mm&r=g\",\"caption\":\"cmiranda\"}}]}<\/script>\n<!-- \/ Yoast SEO plugin. -->","yoast_head_json":{"title":"Les r\u00e9mun\u00e9rations et le climat sur le grill des Assembl\u00e9es G\u00e9n\u00e9rales 2022 | Labrador Transparency","description":"R\u00e9mun\u00e9rations des dirigeants, climat, es attentes des investisseurs sont de plus en plus fortes sur ces sujet...","robots":{"index":"index","follow":"follow","max-snippet":"max-snippet:-1","max-image-preview":"max-image-preview:large","max-video-preview":"max-video-preview:-1"},"canonical":"https:\/\/www.labrador-transparency.com\/fr\/blog\/les-remunerations-et-le-climat-sur-le-grill-des-assemblees-generales-2022\/","og_locale":"fr_FR","og_type":"article","og_title":"Les r\u00e9mun\u00e9rations et le climat sur le grill des Assembl\u00e9es G\u00e9n\u00e9rales 2022 | Labrador Transparency","og_description":"R\u00e9mun\u00e9rations des dirigeants, climat, es attentes des investisseurs sont de plus en plus fortes sur ces sujet...","og_url":"https:\/\/www.labrador-transparency.com\/fr\/blog\/les-remunerations-et-le-climat-sur-le-grill-des-assemblees-generales-2022\/","og_site_name":"Labrador Transparency","article_published_time":"2021-11-04T05:00:00+00:00","article_modified_time":"2025-10-16T11:58:25+00:00","og_image":[{"width":900,"height":400,"url":"https:\/\/www.labrador-transparency.com\/wp-content\/uploads\/2025\/05\/Les-remunerations-et-le-climat-sur-le-grill-des-Assemblees-Generales-2022-2.png","type":"image\/png"}],"author":"cmiranda","twitter_card":"summary_large_image","twitter_misc":{"\u00c9crit par":"cmiranda","Dur\u00e9e de lecture estim\u00e9e":"4 minutes"},"schema":{"@context":"https:\/\/schema.org","@graph":[{"@type":"Article","@id":"https:\/\/www.labrador-transparency.com\/fr\/blog\/les-remunerations-et-le-climat-sur-le-grill-des-assemblees-generales-2022\/#article","isPartOf":{"@id":"https:\/\/www.labrador-transparency.com\/fr\/blog\/les-remunerations-et-le-climat-sur-le-grill-des-assemblees-generales-2022\/"},"author":{"name":"cmiranda","@id":"https:\/\/www.labrador-transparency.com\/fr\/#\/schema\/person\/c70fb9545d548471daa42262a8adf60c"},"headline":"Les r\u00e9mun\u00e9rations et le climat sur le grill des Assembl\u00e9es G\u00e9n\u00e9rales 2022","datePublished":"2021-11-04T05:00:00+00:00","dateModified":"2025-10-16T11:58:25+00:00","mainEntityOfPage":{"@id":"https:\/\/www.labrador-transparency.com\/fr\/blog\/les-remunerations-et-le-climat-sur-le-grill-des-assemblees-generales-2022\/"},"wordCount":810,"commentCount":0,"publisher":{"@id":"https:\/\/www.labrador-transparency.com\/fr\/#organization"},"image":{"@id":"https:\/\/www.labrador-transparency.com\/fr\/blog\/les-remunerations-et-le-climat-sur-le-grill-des-assemblees-generales-2022\/#primaryimage"},"thumbnailUrl":"https:\/\/www.labrador-transparency.com\/wp-content\/uploads\/2025\/05\/Les-remunerations-et-le-climat-sur-le-grill-des-Assemblees-Generales-2022-2.png","articleSection":["\u00c9v\u00e9nements financiers"],"inLanguage":"fr-FR","potentialAction":[{"@type":"CommentAction","name":"Comment","target":["https:\/\/www.labrador-transparency.com\/fr\/blog\/les-remunerations-et-le-climat-sur-le-grill-des-assemblees-generales-2022\/#respond"]}]},{"@type":"WebPage","@id":"https:\/\/www.labrador-transparency.com\/fr\/blog\/les-remunerations-et-le-climat-sur-le-grill-des-assemblees-generales-2022\/","url":"https:\/\/www.labrador-transparency.com\/fr\/blog\/les-remunerations-et-le-climat-sur-le-grill-des-assemblees-generales-2022\/","name":"Les r\u00e9mun\u00e9rations et le climat sur le grill des Assembl\u00e9es G\u00e9n\u00e9rales 2022 | Labrador Transparency","isPartOf":{"@id":"https:\/\/www.labrador-transparency.com\/fr\/#website"},"primaryImageOfPage":{"@id":"https:\/\/www.labrador-transparency.com\/fr\/blog\/les-remunerations-et-le-climat-sur-le-grill-des-assemblees-generales-2022\/#primaryimage"},"image":{"@id":"https:\/\/www.labrador-transparency.com\/fr\/blog\/les-remunerations-et-le-climat-sur-le-grill-des-assemblees-generales-2022\/#primaryimage"},"thumbnailUrl":"https:\/\/www.labrador-transparency.com\/wp-content\/uploads\/2025\/05\/Les-remunerations-et-le-climat-sur-le-grill-des-Assemblees-Generales-2022-2.png","datePublished":"2021-11-04T05:00:00+00:00","dateModified":"2025-10-16T11:58:25+00:00","description":"R\u00e9mun\u00e9rations des dirigeants, climat, es attentes des investisseurs sont de plus en plus fortes sur ces sujet...","breadcrumb":{"@id":"https:\/\/www.labrador-transparency.com\/fr\/blog\/les-remunerations-et-le-climat-sur-le-grill-des-assemblees-generales-2022\/#breadcrumb"},"inLanguage":"fr-FR","potentialAction":[{"@type":"ReadAction","target":["https:\/\/www.labrador-transparency.com\/fr\/blog\/les-remunerations-et-le-climat-sur-le-grill-des-assemblees-generales-2022\/"]}]},{"@type":"ImageObject","inLanguage":"fr-FR","@id":"https:\/\/www.labrador-transparency.com\/fr\/blog\/les-remunerations-et-le-climat-sur-le-grill-des-assemblees-generales-2022\/#primaryimage","url":"https:\/\/www.labrador-transparency.com\/wp-content\/uploads\/2025\/05\/Les-remunerations-et-le-climat-sur-le-grill-des-Assemblees-Generales-2022-2.png","contentUrl":"https:\/\/www.labrador-transparency.com\/wp-content\/uploads\/2025\/05\/Les-remunerations-et-le-climat-sur-le-grill-des-Assemblees-Generales-2022-2.png","width":900,"height":400},{"@type":"BreadcrumbList","@id":"https:\/\/www.labrador-transparency.com\/fr\/blog\/les-remunerations-et-le-climat-sur-le-grill-des-assemblees-generales-2022\/#breadcrumb","itemListElement":[{"@type":"ListItem","position":1,"name":"Home","item":"https:\/\/www.labrador-transparency.com\/fr\/"},{"@type":"ListItem","position":2,"name":"Les r\u00e9mun\u00e9rations et le climat sur le grill des Assembl\u00e9es G\u00e9n\u00e9rales 2022"}]},{"@type":"WebSite","@id":"https:\/\/www.labrador-transparency.com\/fr\/#website","url":"https:\/\/www.labrador-transparency.com\/fr\/","name":"Labrador Transparency","description":"","publisher":{"@id":"https:\/\/www.labrador-transparency.com\/fr\/#organization"},"potentialAction":[{"@type":"SearchAction","target":{"@type":"EntryPoint","urlTemplate":"https:\/\/www.labrador-transparency.com\/fr\/?s={search_term_string}"},"query-input":{"@type":"PropertyValueSpecification","valueRequired":true,"valueName":"search_term_string"}}],"inLanguage":"fr-FR"},{"@type":"Organization","@id":"https:\/\/www.labrador-transparency.com\/fr\/#organization","name":"Labrador","url":"https:\/\/www.labrador-transparency.com\/fr\/","logo":{"@type":"ImageObject","inLanguage":"fr-FR","@id":"https:\/\/www.labrador-transparency.com\/fr\/#\/schema\/logo\/image\/","url":"https:\/\/www.labrador-transparency.com\/wp-content\/uploads\/2021\/11\/logo-r1.svg","contentUrl":"https:\/\/www.labrador-transparency.com\/wp-content\/uploads\/2021\/11\/logo-r1.svg","width":304,"height":60,"caption":"Labrador"},"image":{"@id":"https:\/\/www.labrador-transparency.com\/fr\/#\/schema\/logo\/image\/"}},{"@type":"Person","@id":"https:\/\/www.labrador-transparency.com\/fr\/#\/schema\/person\/c70fb9545d548471daa42262a8adf60c","name":"cmiranda","image":{"@type":"ImageObject","inLanguage":"fr-FR","@id":"https:\/\/secure.gravatar.com\/avatar\/0e622246deaf7594220adfd836097a3e7b62a64ea245e8ab20f91f4af52d4f80?s=96&d=mm&r=g","url":"https:\/\/secure.gravatar.com\/avatar\/0e622246deaf7594220adfd836097a3e7b62a64ea245e8ab20f91f4af52d4f80?s=96&d=mm&r=g","contentUrl":"https:\/\/secure.gravatar.com\/avatar\/0e622246deaf7594220adfd836097a3e7b62a64ea245e8ab20f91f4af52d4f80?s=96&d=mm&r=g","caption":"cmiranda"}}]}},"publishpress_future_action":{"enabled":false,"date":"2026-05-08 23:53:21","action":"change-status","newStatus":"draft","terms":[],"taxonomy":"category","extraData":[]},"publishpress_future_workflow_manual_trigger":{"enabledWorkflows":[]},"_links":{"self":[{"href":"https:\/\/www.labrador-transparency.com\/fr\/wp-json\/wp\/v2\/posts\/8742","targetHints":{"allow":["GET"]}}],"collection":[{"href":"https:\/\/www.labrador-transparency.com\/fr\/wp-json\/wp\/v2\/posts"}],"about":[{"href":"https:\/\/www.labrador-transparency.com\/fr\/wp-json\/wp\/v2\/types\/post"}],"author":[{"embeddable":true,"href":"https:\/\/www.labrador-transparency.com\/fr\/wp-json\/wp\/v2\/users\/27"}],"replies":[{"embeddable":true,"href":"https:\/\/www.labrador-transparency.com\/fr\/wp-json\/wp\/v2\/comments?post=8742"}],"version-history":[{"count":0,"href":"https:\/\/www.labrador-transparency.com\/fr\/wp-json\/wp\/v2\/posts\/8742\/revisions"}],"wp:featuredmedia":[{"embeddable":true,"href":"https:\/\/www.labrador-transparency.com\/fr\/wp-json\/wp\/v2\/media\/8743"}],"wp:attachment":[{"href":"https:\/\/www.labrador-transparency.com\/fr\/wp-json\/wp\/v2\/media?parent=8742"}],"wp:term":[{"taxonomy":"category","embeddable":true,"href":"https:\/\/www.labrador-transparency.com\/fr\/wp-json\/wp\/v2\/categories?post=8742"},{"taxonomy":"post_tag","embeddable":true,"href":"https:\/\/www.labrador-transparency.com\/fr\/wp-json\/wp\/v2\/tags?post=8742"}],"curies":[{"name":"wp","href":"https:\/\/api.w.org\/{rel}","templated":true}]}}